{"id":6812,"date":"2007-04-16T00:00:00","date_gmt":"2007-04-16T03:00:00","guid":{"rendered":"https:\/\/crea-mt.org.br\/portal\/mercado-eleva-projecao-de-crescimento-pela-3a-semana-consecutiva\/"},"modified":"2007-04-16T00:00:00","modified_gmt":"2007-04-16T03:00:00","slug":"mercado-eleva-projecao-de-crescimento-pela-3a-semana-consecutiva","status":"publish","type":"post","link":"https:\/\/www.crea-mt.org.br\/portal\/mercado-eleva-projecao-de-crescimento-pela-3a-semana-consecutiva\/","title":{"rendered":"Mercado eleva proje\u00e7\u00e3o de crescimento pela 3\u00aa semana consecutiva"},"content":{"rendered":"<p>Fonte: FolhaNews<\/p>\n<p>Bras\u00edlia, DF &#8211; O mercado financeiro elevou pela terceira semana consecutiva a proje\u00e7\u00e3o de crescimento da economia brasileira para este ano. A previs\u00e3o de expans\u00e3o do PIB (Produto Interno Bruto) passou de 3,9% para 4%. A proje\u00e7\u00e3o para 2008 tamb\u00e9m foi elevada de 3,9% para 4%, a quarta revis\u00e3o seguida, de acordo com o boletim Focus, divulgado semanalmente pelo Banco Central. <\/p>\n<p>Com mais uma revis\u00e3o, a proje\u00e7\u00e3o dos analistas fica perto da expectativa de crescimento esperada pelo BC, que \u00e9 de 4,1%. J\u00e1 o par\u00e2metro que consta do PAC (Programa de Acelera\u00e7\u00e3o do Crescimento) aponta para uma expans\u00e3o de 4,5%. No ano passado, o crescimento do PIB foi de 3,7%. <\/p>\n<p>Em rela\u00e7\u00e3o aos pre\u00e7os, o mercado financeiro reduziu de 3,86% para 3,81% a expectativa para o IPCA (\u00cdndice de Pre\u00e7os ao Consumidor Amplo), \u00edndice oficial do governo para o sistema de metas de infla\u00e7\u00e3o. A previs\u00e3o do ano que vem permanece em 4%. <\/p>\n<p>A expectativa do IGP-DI (\u00cdndice Geral de Pre\u00e7os &#8211; Disponibilidade Interna) de 2007 caiu, passando de 4% para 3,84%. A do IGP-M (\u00cdndice Geral de Pre\u00e7os Mercado) foi reduzida de 4,09% para 3,91%. <\/p>\n<p>Os analistas n\u00e3o alteraram a aposta em rela\u00e7\u00e3o \u00e0 taxa b\u00e1sica de juros para abril. A expectativa \u00e9 que a Selic (taxa b\u00e1sica de juros) sofra um corte de apenas 0,25 ponto percentual, para 12,5% ao ano, na reuni\u00e3o do Copom (Comit\u00ea de Pol\u00edtica Monet\u00e1ria) desta semana. <\/p>\n<p>Para o final do ano, a expectativa \u00e9 que a taxa b\u00e1sica de juros chegue a 11,25% ao ano, ante os 11,5% previstos anteriormente. J\u00e1 a proje\u00e7\u00e3o para o super\u00e1vit da balan\u00e7a comercial, que \u00e9 o saldo positivo entre exporta\u00e7\u00f5es e importa\u00e7\u00f5es, foi elevada de US$ 39,7 bilh\u00f5es para US$ 40 bilh\u00f5es. <\/p>\n<p>O mercado financeiro fez ainda uma redu\u00e7\u00e3o na rela\u00e7\u00e3o entre a d\u00edvida l\u00edquida do setor p\u00fablico e o PIB, que passou de 46,5% para 43,9%. Os analistas esperam que o d\u00f3lar termine o m\u00eas e o de abril cotado a R$ 2,03 e, at\u00e9 o final do ano, chegue a R$ 2,10. <\/p>\n","protected":false},"excerpt":{"rendered":"<p>Fonte: FolhaNews Bras\u00edlia, DF &#8211; O mercado financeiro elevou pela terceira semana consecutiva a proje\u00e7\u00e3o de crescimento da economia brasileira para este ano. A previs\u00e3o de expans\u00e3o do PIB (Produto Interno Bruto) passou de 3,9% para 4%. A proje\u00e7\u00e3o para 2008 tamb\u00e9m foi elevada de 3,9% para 4%, a quarta revis\u00e3o seguida, de acordo com [&hellip;]<\/p>\n","protected":false},"author":1,"featured_media":0,"comment_status":"open","ping_status":"open","sticky":false,"template":"","format":"standard","meta":{"footnotes":""},"categories":[1],"tags":[],"class_list":["post-6812","post","type-post","status-publish","format-standard","hentry","category-noticias"],"acf":[],"_links":{"self":[{"href":"https:\/\/www.crea-mt.org.br\/portal\/wp-json\/wp\/v2\/posts\/6812","targetHints":{"allow":["GET"]}}],"collection":[{"href":"https:\/\/www.crea-mt.org.br\/portal\/wp-json\/wp\/v2\/posts"}],"about":[{"href":"https:\/\/www.crea-mt.org.br\/portal\/wp-json\/wp\/v2\/types\/post"}],"author":[{"embeddable":true,"href":"https:\/\/www.crea-mt.org.br\/portal\/wp-json\/wp\/v2\/users\/1"}],"replies":[{"embeddable":true,"href":"https:\/\/www.crea-mt.org.br\/portal\/wp-json\/wp\/v2\/comments?post=6812"}],"version-history":[{"count":0,"href":"https:\/\/www.crea-mt.org.br\/portal\/wp-json\/wp\/v2\/posts\/6812\/revisions"}],"wp:attachment":[{"href":"https:\/\/www.crea-mt.org.br\/portal\/wp-json\/wp\/v2\/media?parent=6812"}],"wp:term":[{"taxonomy":"category","embeddable":true,"href":"https:\/\/www.crea-mt.org.br\/portal\/wp-json\/wp\/v2\/categories?post=6812"},{"taxonomy":"post_tag","embeddable":true,"href":"https:\/\/www.crea-mt.org.br\/portal\/wp-json\/wp\/v2\/tags?post=6812"}],"curies":[{"name":"wp","href":"https:\/\/api.w.org\/{rel}","templated":true}]}}