{"id":6809,"date":"2007-04-16T00:00:00","date_gmt":"2007-04-16T03:00:00","guid":{"rendered":"https:\/\/crea-mt.org.br\/portal\/mantega-diz-que-fmi-nao-fez-sua-licao-de-casa\/"},"modified":"2007-04-16T00:00:00","modified_gmt":"2007-04-16T03:00:00","slug":"mantega-diz-que-fmi-nao-fez-sua-licao-de-casa","status":"publish","type":"post","link":"https:\/\/www.crea-mt.org.br\/portal\/mantega-diz-que-fmi-nao-fez-sua-licao-de-casa\/","title":{"rendered":"Mantega diz que FMI n\u00e3o fez sua li\u00e7\u00e3o de casa"},"content":{"rendered":"<p>Fonte:BBC Brasil<\/p>\n<p>O ministro da Fazenda, Guido Mantega, disse que o &#8216;desequil\u00edbrio financeiro&#8217; vivido atualmente pelo Fundo Monet\u00e1rio Internacional (FMI) mostra que o \u00f3rg\u00e3o n\u00e3o fez sua li\u00e7\u00e3o de casa, que nossos pa\u00edses fizeram: ajuste fiscal e redu\u00e7\u00e3o de custos. <\/p>\n<p>Por conta disso, acrescentou, o fundo &#8216;hoje est\u00e1 na constrangedora situa\u00e7\u00e3o de fazer este ajuste. Vai ter de vender o ouro, as reservas&#8217;. O ministro est\u00e1 em Washington, participando da Reuni\u00e3o de Primavera do FMI e do Banco Mundial. <\/p>\n<p>Ele disse ter aconselhado representantes do \u00f3rg\u00e3o a reduzir custos e a n\u00e3o cobrar por servi\u00e7os de assist\u00eancia t\u00e9cnica, como chegou a ser cogitado por funcion\u00e1rios do fundo. &#8220;Como o fundo vai dar assist\u00eancia t\u00e9cnica se est\u00e1 desequilibrado? Ele perdeu um pouco da moral&#8221;, afirma. <\/p>\n<p>Quotas<br \/>\nMantega diz n\u00e3o estar satisfeito com as discuss\u00f5es sobre reformas no fundo, em especial as relativas \u00e0 amplia\u00e7\u00e3o de quotas no FMI para os pa\u00edses em desenvolvimento. &#8220;N\u00e3o estou satisfeito com a velocidade das mudan\u00e7as, mesmo porque certos assuntos, como quotas, est\u00e3o sendo discutidos h\u00e1 uma d\u00e9cada. E n\u00e3o sa\u00edmos do lugar. Avan\u00e7amos muito pouco. H\u00e1 um ano, estava aqui e os mesmos temas estavam sendo discutidos&#8221;, declara. <\/p>\n<p>O Brasil \u00e9 um dos pa\u00edses latino-americanos que v\u00eam pedindo uma reforma do FMI que ofere\u00e7a mais votos dentro da institui\u00e7\u00e3o para os pa\u00edses em desenvolvimento. A ministra da Economia argentina, Felisa Miceli, endossou as palavras de Mantega, ao afirmar, neste s\u00e1bado, que &#8216;tristemente, parece que estamos destinados a uma mudan\u00e7a cosm\u00e9tica que pode ser vendida como um marco de que houve um avan\u00e7o na legitimidade do fundo&#8217;. <\/p>\n<p>Divis\u00e3o<br \/>\nSegundo Mantega, h\u00e1 uma divis\u00e3o enorme em rela\u00e7\u00e3o \u00e0s quotas. H\u00e1 um grupo que quer manter o status quo. S\u00e3o os pa\u00edses que cresceram menos, mas que querem manter uma participa\u00e7\u00e3o maior, de quando eles eram importantes economicamente, h\u00e1 50 anos. <\/p>\n<p>Em contrapartida, afirma o ministro, &#8216;h\u00e1 os pa\u00edses emergentes, din\u00e2micos, que cresceram mais e que t\u00eam um PIB maior. E que gostariam de ter uma divis\u00e3o de quotas proporcional \u00e0 sua import\u00e2ncia econ\u00f4mica. A luta \u00e9 essa.&#8217; Para o titular da Fazenda, um pa\u00eds como o Brasil, a oitava economia mundial, ter 1% de participa\u00e7\u00e3o no Fundo Monet\u00e1rio n\u00e3o \u00e9 certo, evidentemente. <\/p>\n","protected":false},"excerpt":{"rendered":"<p>Fonte:BBC Brasil O ministro da Fazenda, Guido Mantega, disse que o &#8216;desequil\u00edbrio financeiro&#8217; vivido atualmente pelo Fundo Monet\u00e1rio Internacional (FMI) mostra que o \u00f3rg\u00e3o n\u00e3o fez sua li\u00e7\u00e3o de casa, que nossos pa\u00edses fizeram: ajuste fiscal e redu\u00e7\u00e3o de custos. Por conta disso, acrescentou, o fundo &#8216;hoje est\u00e1 na constrangedora situa\u00e7\u00e3o de fazer este ajuste. [&hellip;]<\/p>\n","protected":false},"author":1,"featured_media":0,"comment_status":"open","ping_status":"open","sticky":false,"template":"","format":"standard","meta":{"footnotes":""},"categories":[1],"tags":[],"class_list":["post-6809","post","type-post","status-publish","format-standard","hentry","category-noticias"],"acf":[],"_links":{"self":[{"href":"https:\/\/www.crea-mt.org.br\/portal\/wp-json\/wp\/v2\/posts\/6809","targetHints":{"allow":["GET"]}}],"collection":[{"href":"https:\/\/www.crea-mt.org.br\/portal\/wp-json\/wp\/v2\/posts"}],"about":[{"href":"https:\/\/www.crea-mt.org.br\/portal\/wp-json\/wp\/v2\/types\/post"}],"author":[{"embeddable":true,"href":"https:\/\/www.crea-mt.org.br\/portal\/wp-json\/wp\/v2\/users\/1"}],"replies":[{"embeddable":true,"href":"https:\/\/www.crea-mt.org.br\/portal\/wp-json\/wp\/v2\/comments?post=6809"}],"version-history":[{"count":0,"href":"https:\/\/www.crea-mt.org.br\/portal\/wp-json\/wp\/v2\/posts\/6809\/revisions"}],"wp:attachment":[{"href":"https:\/\/www.crea-mt.org.br\/portal\/wp-json\/wp\/v2\/media?parent=6809"}],"wp:term":[{"taxonomy":"category","embeddable":true,"href":"https:\/\/www.crea-mt.org.br\/portal\/wp-json\/wp\/v2\/categories?post=6809"},{"taxonomy":"post_tag","embeddable":true,"href":"https:\/\/www.crea-mt.org.br\/portal\/wp-json\/wp\/v2\/tags?post=6809"}],"curies":[{"name":"wp","href":"https:\/\/api.w.org\/{rel}","templated":true}]}}