{"id":6808,"date":"2007-04-16T00:00:00","date_gmt":"2007-04-16T03:00:00","guid":{"rendered":"https:\/\/crea-mt.org.br\/portal\/bovespa-sobe-086-nos-primeiros-negocios-dolar-marca-r-2030\/"},"modified":"2007-04-16T00:00:00","modified_gmt":"2007-04-16T03:00:00","slug":"bovespa-sobe-086-nos-primeiros-negocios-dolar-marca-r-2030","status":"publish","type":"post","link":"https:\/\/www.crea-mt.org.br\/portal\/bovespa-sobe-086-nos-primeiros-negocios-dolar-marca-r-2030\/","title":{"rendered":"Bovespa sobe 0,86% nos primeiros neg\u00f3cios; d\u00f3lar marca R$ 2,030"},"content":{"rendered":"<p>S\u00e3o Paulo &#8211; A Bovespa (Bolsa de Valores de S\u00e3o Paulo) avan\u00e7a 0,86% logo ap\u00f3s a abertura dos neg\u00f3cios, aos 48.359 pontos, no preg\u00e3o desta segunda-feira. Na sexta, a Bolsa brasileira bateu seu sexto recorde consecutivo, ao fechar em alta de 1,22%, pr\u00f3ximo ao patamar dos 48.000 pontos. Esta segunda-feira \u00e9 dia de vencimento de op\u00e7\u00f5es na Bovespa, o que sempre infla o volume financeiro negociado e provoca uma movimenta\u00e7\u00e3o at\u00edpica do \u00edndice Ibovespa. <\/p>\n<p>Op\u00e7\u00f5es s\u00e3o direitos de compra e venda de lotes de a\u00e7\u00f5es com pre\u00e7os e prazos de vencimento estabelecidos previamente. No dia de exerc\u00edcio desses direitos, o giro de neg\u00f3cios aumenta em torno de R$ 1 bilh\u00e3o. <\/p>\n<p>O d\u00f3lar comercial \u00e9 negociado a R$ 2,030 para venda, em alta de 0,39%. Na sexta-feira, a taxa de c\u00e2mbio formada nos \u00faltimos neg\u00f3cios foi R$ 2,022, a menor desde mar\u00e7o de 2001, mas n\u00e3o foi a m\u00ednima do dia, que chegou a R$ 2,020. Profissionais de mercado estimam que a taxa pode romper o piso dos R$ 2,00, com a entrada de recursos externos nos pr\u00f3ximos dias. Grandes e m\u00e9dias empresas conclu\u00edram opera\u00e7\u00f5es de capta\u00e7\u00e3o externa na semana passada e podem come\u00e7ar a migrar os recursos para o pa\u00eds nesta semana. O fluxo pode ajudar a derrubar a taxa de c\u00e2mbio, mesmo com o aviso do Banco Central de que pode vai usar instrumentos para segurar o pre\u00e7o da moeda americana (como leil\u00f5es de &#8220;swap reverso&#8221;) sem aviso pr\u00e9vio. <\/p>\n<p>A agenda econ\u00f4mica, repleta, desta semana tem pelo menos dois pontos de destaque. Amanh\u00e3, investidores e analistas de bancos e corretoras se debru\u00e7am sobre os novos n\u00fameros da infla\u00e7\u00e3o americana, hoje uma das principais preocupa\u00e7\u00f5es dos mercados globais, com a divulga\u00e7\u00e3o do CPI (pre\u00e7os ao consumidor) de mar\u00e7o. Apesar de que, na sexta-feira, o PPI (pre\u00e7os no atacado) ter aliviado parte dos temores, ser\u00e1 o indicador de pre\u00e7os ao consumidor que pode definir as tend\u00eancias da pol\u00edtica monet\u00e1ria dos EUA. <\/p>\n<p>A pol\u00edtica monet\u00e1ria tamb\u00e9m \u00e9 o foco de investidores no front dom\u00e9stico, com a reuni\u00e3o do Copom (Comit\u00ea de Pol\u00edtica Monet\u00e1ria), prevista para ter\u00e7a e quarta-feira (quando o colegiado anuncia a nova taxa b\u00e1sica de juros do pa\u00eds). Hoje, o consenso de mercado aponta para uma redu\u00e7\u00e3o de 0,25 ponto percentual, o que rebaixa a taxa Selic para 12,50%. H\u00e1 uma minoria de analistas que aposta em uma redu\u00e7\u00e3o de 0,50 ponto percentual. Na sexta-feira, investidores acreditam que, no curt\u00edssimo prazo, o mercado poderia ficar agitado com o refor\u00e7o de especula\u00e7\u00f5es sobre a possibilidade de um corte dessa magnitude. <\/p>\n<p>Fonte:Correio Web<\/p>\n","protected":false},"excerpt":{"rendered":"<p>S\u00e3o Paulo &#8211; A Bovespa (Bolsa de Valores de S\u00e3o Paulo) avan\u00e7a 0,86% logo ap\u00f3s a abertura dos neg\u00f3cios, aos 48.359 pontos, no preg\u00e3o desta segunda-feira. Na sexta, a Bolsa brasileira bateu seu sexto recorde consecutivo, ao fechar em alta de 1,22%, pr\u00f3ximo ao patamar dos 48.000 pontos. Esta segunda-feira \u00e9 dia de vencimento de [&hellip;]<\/p>\n","protected":false},"author":1,"featured_media":0,"comment_status":"open","ping_status":"open","sticky":false,"template":"","format":"standard","meta":{"footnotes":""},"categories":[1],"tags":[],"class_list":["post-6808","post","type-post","status-publish","format-standard","hentry","category-noticias"],"acf":[],"_links":{"self":[{"href":"https:\/\/www.crea-mt.org.br\/portal\/wp-json\/wp\/v2\/posts\/6808","targetHints":{"allow":["GET"]}}],"collection":[{"href":"https:\/\/www.crea-mt.org.br\/portal\/wp-json\/wp\/v2\/posts"}],"about":[{"href":"https:\/\/www.crea-mt.org.br\/portal\/wp-json\/wp\/v2\/types\/post"}],"author":[{"embeddable":true,"href":"https:\/\/www.crea-mt.org.br\/portal\/wp-json\/wp\/v2\/users\/1"}],"replies":[{"embeddable":true,"href":"https:\/\/www.crea-mt.org.br\/portal\/wp-json\/wp\/v2\/comments?post=6808"}],"version-history":[{"count":0,"href":"https:\/\/www.crea-mt.org.br\/portal\/wp-json\/wp\/v2\/posts\/6808\/revisions"}],"wp:attachment":[{"href":"https:\/\/www.crea-mt.org.br\/portal\/wp-json\/wp\/v2\/media?parent=6808"}],"wp:term":[{"taxonomy":"category","embeddable":true,"href":"https:\/\/www.crea-mt.org.br\/portal\/wp-json\/wp\/v2\/categories?post=6808"},{"taxonomy":"post_tag","embeddable":true,"href":"https:\/\/www.crea-mt.org.br\/portal\/wp-json\/wp\/v2\/tags?post=6808"}],"curies":[{"name":"wp","href":"https:\/\/api.w.org\/{rel}","templated":true}]}}