{"id":6807,"date":"2007-04-16T00:00:00","date_gmt":"2007-04-16T03:00:00","guid":{"rendered":"https:\/\/crea-mt.org.br\/portal\/aneel-confirma-multa-de-r-46-mil-a-furnas-por-apagao-em-2005\/"},"modified":"2007-04-16T00:00:00","modified_gmt":"2007-04-16T03:00:00","slug":"aneel-confirma-multa-de-r-46-mil-a-furnas-por-apagao-em-2005","status":"publish","type":"post","link":"https:\/\/www.crea-mt.org.br\/portal\/aneel-confirma-multa-de-r-46-mil-a-furnas-por-apagao-em-2005\/","title":{"rendered":"Aneel confirma multa de R$ 4,6 mil a Furnas por apag\u00e3o em 2005"},"content":{"rendered":"<p>Fonte: FolhaNews<\/p>\n<p>Bras\u00edlia &#8211; A diretoria da Aneel negou o \u00faltimo recurso administrativo apresentado por Furnas Centrais El\u00e9tricas (do grupo Eletrobr\u00e1s), e decidiu manter a multa de R$ 4,6 milh\u00f5es aplicada \u00e0 estatal, identificada como respons\u00e1vel pelo apag\u00e3o que atingiu os Estados do Rio de Janeiro, Esp\u00edrito Santo e leste de Minas Gerais em 1\u00b0 de janeiro de 2005. <\/p>\n<p>Na \u00e9poca, a \u00e1rea t\u00e9cnica da ag\u00eancia identificou uma seq\u00fc\u00eancia de falhas t\u00e9cnicas e humanas que acabaram provocando o desligamento das linhas de transmiss\u00e3o que levam energia \u00e0 regi\u00e3o. <\/p>\n<p>O valor da multa, aplicada pelos t\u00e9cnicos da Aneel em abril de 2005 e mantida agora pela diretoria colegiada, ainda ser\u00e1 corrigido pela selic quando for feito pagamento, n\u00e3o cabendo mais recursos na esfera administrativa. <\/p>\n<p>O desligamento de quase 40 minutos foi provocado por falhas na opera\u00e7\u00e3o das subesta\u00e7\u00f5es Cachoeira Paulista (SP) e Adrian\u00f3polis (RJ). De acordo com a Aneel, o valor da multa corresponde a 0,1018% da receita de Furnas em 2004, ano anterior ao apag\u00e3o. <\/p>\n<p>Ceam<br \/>\nA ag\u00eancia tamb\u00e9m manteve multa de R$ 1,7 milh\u00e3o, aplicada \u00e0 Ceam (AM), distribuidora de energia tamb\u00e9m controlada pela Eletrobr\u00e1s, foi multada em R$ 1,7 milh\u00e3o, mas por outro motivo. <\/p>\n<p>A empresa descumpriu determina\u00e7\u00e3o da Aneel de repor \u00f3leo diesel consumido pelas termel\u00e9tricas que abastecem a empresa acima dos limites estabelecidos no Plano Anual de combust\u00edveis da Eletrobr\u00e1s entre 1999 e 2005. <\/p>\n<p>A determina\u00e7\u00e3o da ag\u00eancia era a de que fossem restitu\u00eddos 45.788,79 metros c\u00fabicos de \u00f3leo diesel que superaram o consumo definido para os sistemas isolados do Estado do Amazonas. O consumo desse combust\u00edvel, no qual a ag\u00eancia detectou irregularidade, \u00e9 pago com recursos da CCC (Conta de Consumo de Combust\u00edveis F\u00f3sseis), que subsidia o custo da energia nas usinas a diesel ou \u00f3leo combust\u00edvel fora do Sistema Interligado Nacional, e \u00e9 arrecadada nas contas de luz dos demais consumidores. <\/p>\n<p>Tamb\u00e9m no caso da Ceam, o valor da multa ser\u00e1 corrigido no momento da execu\u00e7\u00e3o. <\/p>\n","protected":false},"excerpt":{"rendered":"<p>Fonte: FolhaNews Bras\u00edlia &#8211; A diretoria da Aneel negou o \u00faltimo recurso administrativo apresentado por Furnas Centrais El\u00e9tricas (do grupo Eletrobr\u00e1s), e decidiu manter a multa de R$ 4,6 milh\u00f5es aplicada \u00e0 estatal, identificada como respons\u00e1vel pelo apag\u00e3o que atingiu os Estados do Rio de Janeiro, Esp\u00edrito Santo e leste de Minas Gerais em 1\u00b0 [&hellip;]<\/p>\n","protected":false},"author":1,"featured_media":0,"comment_status":"open","ping_status":"open","sticky":false,"template":"","format":"standard","meta":{"footnotes":""},"categories":[1],"tags":[],"class_list":["post-6807","post","type-post","status-publish","format-standard","hentry","category-noticias"],"acf":[],"_links":{"self":[{"href":"https:\/\/www.crea-mt.org.br\/portal\/wp-json\/wp\/v2\/posts\/6807","targetHints":{"allow":["GET"]}}],"collection":[{"href":"https:\/\/www.crea-mt.org.br\/portal\/wp-json\/wp\/v2\/posts"}],"about":[{"href":"https:\/\/www.crea-mt.org.br\/portal\/wp-json\/wp\/v2\/types\/post"}],"author":[{"embeddable":true,"href":"https:\/\/www.crea-mt.org.br\/portal\/wp-json\/wp\/v2\/users\/1"}],"replies":[{"embeddable":true,"href":"https:\/\/www.crea-mt.org.br\/portal\/wp-json\/wp\/v2\/comments?post=6807"}],"version-history":[{"count":0,"href":"https:\/\/www.crea-mt.org.br\/portal\/wp-json\/wp\/v2\/posts\/6807\/revisions"}],"wp:attachment":[{"href":"https:\/\/www.crea-mt.org.br\/portal\/wp-json\/wp\/v2\/media?parent=6807"}],"wp:term":[{"taxonomy":"category","embeddable":true,"href":"https:\/\/www.crea-mt.org.br\/portal\/wp-json\/wp\/v2\/categories?post=6807"},{"taxonomy":"post_tag","embeddable":true,"href":"https:\/\/www.crea-mt.org.br\/portal\/wp-json\/wp\/v2\/tags?post=6807"}],"curies":[{"name":"wp","href":"https:\/\/api.w.org\/{rel}","templated":true}]}}