{"id":6806,"date":"2007-04-16T00:00:00","date_gmt":"2007-04-16T03:00:00","guid":{"rendered":"https:\/\/crea-mt.org.br\/portal\/superavit-comercial-da-al-cai-226-em-fevereiro\/"},"modified":"2007-04-16T00:00:00","modified_gmt":"2007-04-16T03:00:00","slug":"superavit-comercial-da-al-cai-226-em-fevereiro","status":"publish","type":"post","link":"https:\/\/www.crea-mt.org.br\/portal\/superavit-comercial-da-al-cai-226-em-fevereiro\/","title":{"rendered":"Super\u00e1vit comercial da AL cai 22,6% em fevereiro"},"content":{"rendered":"<p>Fonte:FolhaNews<\/p>\n<p>S\u00e3o Paulo &#8211; O super\u00e1vit dos pa\u00edses da Am\u00e9rica Latina em seu com\u00e9rcio de bens com os Estados Unidos caiu 22,6% e teve valor de US$ 5,257 bilh\u00f5es, informou nesta sexta-feira o Departamento de Com\u00e9rcio. <\/p>\n<p>Nos dois primeiros meses deste ano, o super\u00e1vit comercial latino-americano somou US$ 13,584 bilh\u00f5es, comparado ao saldo favor\u00e1vel de US$ 17,793 bilh\u00f5es no mesmo per\u00edodo de 2006. <\/p>\n<p>O Brasil passou de um d\u00e9ficit de US$ 149 milh\u00f5es em janeiro para um super\u00e1vit de US$ 120 milh\u00f5es em fevereiro. O saldo negativo de US$ 49 milh\u00f5es contrasta com um super\u00e1vit de US$ 1,242 bilh\u00e3o acumulado em janeiro e fevereiro do ano passado. <\/p>\n<p>O super\u00e1vit comercial do M\u00e9xico subiu de US$ 4,582 bilh\u00f5es em janeiro para US$ 5,081 bilh\u00f5es em fevereiro. Nos dois meses, o saldo credor do M\u00e9xico soma US$ 9,663 bilh\u00f5es comparado a um super\u00e1vit de US$ 9,364 bilh\u00f5es em janeiro e fevereiro do ano passado. <\/p>\n<p>O d\u00e9ficit da Argentina caiu de US$ 60 milh\u00f5es em janeiro para US$ 17 milh\u00f5es em fevereiro, em compara\u00e7\u00e3o a um super\u00e1vit de US$ 52 milh\u00f5es acumulado nos mesmos dois meses de 2006. O super\u00e1vit do Chile diminuiu de US$ 44 milh\u00f5es em janeiro para US$ 225 milh\u00f5es em fevereiro. O saldo favor\u00e1vel dos chilenos, de US$ 670 milh\u00f5es nos dois meses, compara-se ao super\u00e1vit de US$ 737 milh\u00f5es no mesmo per\u00edodo similar do ano anterior. <\/p>\n<p>O super\u00e1vit da Col\u00f4mbia caiu de US$ 128 milh\u00f5es em janeiro para US$ 35 milh\u00f5es em fevereiro. Nos dois meses, a soma de super\u00e1vit foi de US$ 163 milh\u00f5es e tinha sido de US$ 567 milh\u00f5es no mesmo per\u00edodo de 2006. <\/p>\n<p>Tamb\u00e9m caiu o super\u00e1vit da Venezuela, que passou de US$ 1,767 bilh\u00e3o em janeiro para US$ 1,556 bilh\u00e3o em fevereiro, para uma soma de US$ 3,323 bilh\u00f5es. Nos dois primeiros meses do ano passado, o super\u00e1vit venezuelano foi de US$ 4,815 bilh\u00f5es. <\/p>\n","protected":false},"excerpt":{"rendered":"<p>Fonte:FolhaNews S\u00e3o Paulo &#8211; O super\u00e1vit dos pa\u00edses da Am\u00e9rica Latina em seu com\u00e9rcio de bens com os Estados Unidos caiu 22,6% e teve valor de US$ 5,257 bilh\u00f5es, informou nesta sexta-feira o Departamento de Com\u00e9rcio. Nos dois primeiros meses deste ano, o super\u00e1vit comercial latino-americano somou US$ 13,584 bilh\u00f5es, comparado ao saldo favor\u00e1vel de [&hellip;]<\/p>\n","protected":false},"author":1,"featured_media":0,"comment_status":"open","ping_status":"open","sticky":false,"template":"","format":"standard","meta":{"footnotes":""},"categories":[1],"tags":[],"class_list":["post-6806","post","type-post","status-publish","format-standard","hentry","category-noticias"],"acf":[],"_links":{"self":[{"href":"https:\/\/www.crea-mt.org.br\/portal\/wp-json\/wp\/v2\/posts\/6806","targetHints":{"allow":["GET"]}}],"collection":[{"href":"https:\/\/www.crea-mt.org.br\/portal\/wp-json\/wp\/v2\/posts"}],"about":[{"href":"https:\/\/www.crea-mt.org.br\/portal\/wp-json\/wp\/v2\/types\/post"}],"author":[{"embeddable":true,"href":"https:\/\/www.crea-mt.org.br\/portal\/wp-json\/wp\/v2\/users\/1"}],"replies":[{"embeddable":true,"href":"https:\/\/www.crea-mt.org.br\/portal\/wp-json\/wp\/v2\/comments?post=6806"}],"version-history":[{"count":0,"href":"https:\/\/www.crea-mt.org.br\/portal\/wp-json\/wp\/v2\/posts\/6806\/revisions"}],"wp:attachment":[{"href":"https:\/\/www.crea-mt.org.br\/portal\/wp-json\/wp\/v2\/media?parent=6806"}],"wp:term":[{"taxonomy":"category","embeddable":true,"href":"https:\/\/www.crea-mt.org.br\/portal\/wp-json\/wp\/v2\/categories?post=6806"},{"taxonomy":"post_tag","embeddable":true,"href":"https:\/\/www.crea-mt.org.br\/portal\/wp-json\/wp\/v2\/tags?post=6806"}],"curies":[{"name":"wp","href":"https:\/\/api.w.org\/{rel}","templated":true}]}}