{"id":6805,"date":"2007-04-16T00:00:00","date_gmt":"2007-04-16T03:00:00","guid":{"rendered":"https:\/\/crea-mt.org.br\/portal\/soeaa-prorroga-inscricoes-para-o-panorama-tecnico-cientifico\/"},"modified":"2007-04-16T00:00:00","modified_gmt":"2007-04-16T03:00:00","slug":"soeaa-prorroga-inscricoes-para-o-panorama-tecnico-cientifico","status":"publish","type":"post","link":"https:\/\/www.crea-mt.org.br\/portal\/soeaa-prorroga-inscricoes-para-o-panorama-tecnico-cientifico\/","title":{"rendered":"Soeaa prorroga inscri\u00e7\u00f5es para o Panorama T\u00e9cnico Cient\u00edfico"},"content":{"rendered":"<p>Pela primeira vez, a Semana Oficial da Engenharia, da Arquitetura e da Agronomia (Soeaa) apresentar\u00e1 o Panorama T\u00e9cnico Cient\u00edfico da \u00c1rea tecnol\u00f3gica. As inscri\u00e7\u00f5es podem ser feitas por meio do site da semana e foram prorrogadas at\u00e9 o dia 10 de maio de 2007.<\/p>\n<p>Qualquer profissional das \u00e1reas de abrang\u00eancia do Sistema Confea\/Crea pode inscrever trabalho in\u00e9dito cujo conte\u00fado seja relacionado ao tema central da 64\u00aa Soeaa: Pensar o Brasil. Educar &amp; Inovar: Responsabilidade Social.<\/p>\n<p>Os trabalhos ser\u00e3o inscritos por meio de envio de texto integral, com at\u00e9 8 p\u00e1ginas. Eles ser\u00e3o classificados em duas categorias: Estudante e Profissional. A Comiss\u00e3o Avaliadora far\u00e1 uma sele\u00e7\u00e3o dos melhores trabalhos, que receber\u00e3o um novo tratamento e ser\u00e3o expostos na forma de p\u00f4ster. Essa comiss\u00e3o ser\u00e1 formada por profissionais de renomada experi\u00eancia tanto na \u00e1rea empresarial quanto na vida acad\u00eamica.<\/p>\n<p>A \u00edntegra dos trabalhos selecionados ser\u00e1 publicada na forma de CD para posterior distribui\u00e7\u00e3o aos interessados.<\/p>\n<p>Os dez melhores trabalhos receber\u00e3o pr\u00eamios e ser\u00e3o apresentados por seus autores durante a 64\u00aa SOEAA.<\/p>\n<p>Conhe\u00e7a o Regulamento do Panorama T\u00e9cnico Cient\u00edfico.<br \/>\nFonte:Confea<\/p>\n","protected":false},"excerpt":{"rendered":"<p>Pela primeira vez, a Semana Oficial da Engenharia, da Arquitetura e da Agronomia (Soeaa) apresentar\u00e1 o Panorama T\u00e9cnico Cient\u00edfico da \u00c1rea tecnol\u00f3gica. As inscri\u00e7\u00f5es podem ser feitas por meio do site da semana e foram prorrogadas at\u00e9 o dia 10 de maio de 2007. Qualquer profissional das \u00e1reas de abrang\u00eancia do Sistema Confea\/Crea pode inscrever [&hellip;]<\/p>\n","protected":false},"author":1,"featured_media":0,"comment_status":"open","ping_status":"open","sticky":false,"template":"","format":"standard","meta":{"footnotes":""},"categories":[1],"tags":[],"class_list":["post-6805","post","type-post","status-publish","format-standard","hentry","category-noticias"],"acf":[],"_links":{"self":[{"href":"https:\/\/www.crea-mt.org.br\/portal\/wp-json\/wp\/v2\/posts\/6805","targetHints":{"allow":["GET"]}}],"collection":[{"href":"https:\/\/www.crea-mt.org.br\/portal\/wp-json\/wp\/v2\/posts"}],"about":[{"href":"https:\/\/www.crea-mt.org.br\/portal\/wp-json\/wp\/v2\/types\/post"}],"author":[{"embeddable":true,"href":"https:\/\/www.crea-mt.org.br\/portal\/wp-json\/wp\/v2\/users\/1"}],"replies":[{"embeddable":true,"href":"https:\/\/www.crea-mt.org.br\/portal\/wp-json\/wp\/v2\/comments?post=6805"}],"version-history":[{"count":0,"href":"https:\/\/www.crea-mt.org.br\/portal\/wp-json\/wp\/v2\/posts\/6805\/revisions"}],"wp:attachment":[{"href":"https:\/\/www.crea-mt.org.br\/portal\/wp-json\/wp\/v2\/media?parent=6805"}],"wp:term":[{"taxonomy":"category","embeddable":true,"href":"https:\/\/www.crea-mt.org.br\/portal\/wp-json\/wp\/v2\/categories?post=6805"},{"taxonomy":"post_tag","embeddable":true,"href":"https:\/\/www.crea-mt.org.br\/portal\/wp-json\/wp\/v2\/tags?post=6805"}],"curies":[{"name":"wp","href":"https:\/\/api.w.org\/{rel}","templated":true}]}}