{"id":6804,"date":"2007-04-16T00:00:00","date_gmt":"2007-04-16T03:00:00","guid":{"rendered":"https:\/\/crea-mt.org.br\/portal\/crea-ma-realiza-6o-congresso-estadual-de-profissionais\/"},"modified":"2007-04-16T00:00:00","modified_gmt":"2007-04-16T03:00:00","slug":"crea-ma-realiza-6o-congresso-estadual-de-profissionais","status":"publish","type":"post","link":"https:\/\/www.crea-mt.org.br\/portal\/crea-ma-realiza-6o-congresso-estadual-de-profissionais\/","title":{"rendered":"Crea-MA realiza 6\u00ba Congresso Estadual de Profissionais"},"content":{"rendered":"<p>O presidente do Conselho Regional de Engenharia, Arquitetura e Agronomia do Maranh\u00e3o (Crea-MA), eng. Raymundo Portelada, disse ontem, 13\/4, durante a abertura do treinamento de Inspetores Regionais e de funcion\u00e1rios, que eles s\u00e3o pe\u00e7as fundamentais no sucesso do 6\u00ba Congresso Estadual dos Profissionais (CEP). O evento ser\u00e1 dias 19 e 20 de abril no audit\u00f3rio do Pal\u00e1cio Henrique de La Rocque.<\/p>\n<p>Participar\u00e3o, simultaneamente, os profissionais presentes nos p\u00f3los da Universidade Virtual do Maranh\u00e3o (Univima), em A\u00e7ail\u00e2ndia, Brejo(Chapadinha), Caxias, Cod\u00f3, Imperatriz, Pedreiras, Porto Franco, Pinheiro e Santa In\u00eas, onde est\u00e3o instaladas as 12 Inspetorias Regionais do Conselho; na Universidade Estadual do Maranh\u00e3o (Uema), por meio do seu Centro Integrado de Educa\u00e7\u00e3o de Colinas (CINEC), no P\u00f3lo de Colinas &#8211; Presidente Dutra, e Centro de Estudos Superiores de Timon (P\u00f3lo de Timon), Centro de Estudos Superiores de Bacabal (P\u00f3lo de Bacabal) e Centro de Estudos Superiores de Balsas (P\u00f3lo de Balsas).<\/p>\n<p>Segundo Portelada, a institui\u00e7\u00e3o passa por mudan\u00e7as profundas. Uma nova mentalidade foi implantada na sede e nas regionais. &#8220;Temos certeza de que o 6\u00ba CEP no Maranh\u00e3o vai apresentar boas propostas, pois contaremos com profissionais do mais alto n\u00edvel durante dois dias do encontro&#8221;, ressaltou o presidente.<\/p>\n<p>O superintendente do Crea, eng. civil Francisco Jos\u00e9 Albuquerque, que \u00e9 o coordenador estadual do CEP, apresentou o pessoal t\u00e9cnico especializado da Univima, \u00f3rg\u00e3o do Governo do Estado, parceira do Crea-MA. &#8220;Este momento \u00e9 importante para n\u00f3s. \u00c9 a hora de tirarmos todas as d\u00favidas para que nos dias 19 e 20 tudo transcorra dentro da normalidade&#8221;, afirmou Albuquerque.<\/p>\n<p>J\u00e1 o gerente de Fiscaliza\u00e7\u00e3o Jos\u00e9 Alvaro Costa passou todas as informa\u00e7\u00f5es aos inspetores e funcion\u00e1rios que participar\u00e3o diretamente do evento. &#8220;Todos os detalhes foram definidos para que tudo se realize numa intera\u00e7\u00e3o total entre a Coordena\u00e7\u00e3o Central e os participantes nos seus respectivos p\u00f3los&#8221;, concluiu.<\/p>\n<p>Fonte:Crea-MA<\/p>\n","protected":false},"excerpt":{"rendered":"<p>O presidente do Conselho Regional de Engenharia, Arquitetura e Agronomia do Maranh\u00e3o (Crea-MA), eng. Raymundo Portelada, disse ontem, 13\/4, durante a abertura do treinamento de Inspetores Regionais e de funcion\u00e1rios, que eles s\u00e3o pe\u00e7as fundamentais no sucesso do 6\u00ba Congresso Estadual dos Profissionais (CEP). O evento ser\u00e1 dias 19 e 20 de abril no audit\u00f3rio [&hellip;]<\/p>\n","protected":false},"author":1,"featured_media":0,"comment_status":"open","ping_status":"open","sticky":false,"template":"","format":"standard","meta":{"footnotes":""},"categories":[1],"tags":[],"class_list":["post-6804","post","type-post","status-publish","format-standard","hentry","category-noticias"],"acf":[],"_links":{"self":[{"href":"https:\/\/www.crea-mt.org.br\/portal\/wp-json\/wp\/v2\/posts\/6804","targetHints":{"allow":["GET"]}}],"collection":[{"href":"https:\/\/www.crea-mt.org.br\/portal\/wp-json\/wp\/v2\/posts"}],"about":[{"href":"https:\/\/www.crea-mt.org.br\/portal\/wp-json\/wp\/v2\/types\/post"}],"author":[{"embeddable":true,"href":"https:\/\/www.crea-mt.org.br\/portal\/wp-json\/wp\/v2\/users\/1"}],"replies":[{"embeddable":true,"href":"https:\/\/www.crea-mt.org.br\/portal\/wp-json\/wp\/v2\/comments?post=6804"}],"version-history":[{"count":0,"href":"https:\/\/www.crea-mt.org.br\/portal\/wp-json\/wp\/v2\/posts\/6804\/revisions"}],"wp:attachment":[{"href":"https:\/\/www.crea-mt.org.br\/portal\/wp-json\/wp\/v2\/media?parent=6804"}],"wp:term":[{"taxonomy":"category","embeddable":true,"href":"https:\/\/www.crea-mt.org.br\/portal\/wp-json\/wp\/v2\/categories?post=6804"},{"taxonomy":"post_tag","embeddable":true,"href":"https:\/\/www.crea-mt.org.br\/portal\/wp-json\/wp\/v2\/tags?post=6804"}],"curies":[{"name":"wp","href":"https:\/\/api.w.org\/{rel}","templated":true}]}}