{"id":6801,"date":"2007-04-17T00:00:00","date_gmt":"2007-04-17T03:00:00","guid":{"rendered":"https:\/\/crea-mt.org.br\/portal\/plenario-da-camara-recebe-representante-do-confea\/"},"modified":"2007-04-17T00:00:00","modified_gmt":"2007-04-17T03:00:00","slug":"plenario-da-camara-recebe-representante-do-confea","status":"publish","type":"post","link":"https:\/\/www.crea-mt.org.br\/portal\/plenario-da-camara-recebe-representante-do-confea\/","title":{"rendered":"Plen\u00e1rio da C\u00e2mara recebe representante do Confea"},"content":{"rendered":"<p>O arquiteto Fernando Jos\u00e9 de Medeiros Costa, representante das institui\u00e7\u00f5es de ensino superior no Conselho Federal de Engenharia, Arquitetura e Agronomia, representar\u00e1 o Confea na C\u00e2mara dos Deputados hoje, 17\/3. Ele participar\u00e1 do semin\u00e1rio &#8220;Universidade Nova&#8221;, que acontece \u00e0s 14h, no Plen\u00e1rio 6, Anexo II, da C\u00e2mara. Na oportunidade, ser\u00e3o realizadas duas mesas redondas. Costa comp\u00f5e a mesa &#8220;Organiza\u00e7\u00e3o Profissional no contexto da Universidade Nova&#8221;, que aborda o tema &#8220;Readequa\u00e7\u00e3o dos curr\u00edculos na Universidade Nova&#8221;.<\/p>\n<p>Fonte: Confea<\/p>\n","protected":false},"excerpt":{"rendered":"<p>O arquiteto Fernando Jos\u00e9 de Medeiros Costa, representante das institui\u00e7\u00f5es de ensino superior no Conselho Federal de Engenharia, Arquitetura e Agronomia, representar\u00e1 o Confea na C\u00e2mara dos Deputados hoje, 17\/3. Ele participar\u00e1 do semin\u00e1rio &#8220;Universidade Nova&#8221;, que acontece \u00e0s 14h, no Plen\u00e1rio 6, Anexo II, da C\u00e2mara. Na oportunidade, ser\u00e3o realizadas duas mesas redondas. Costa [&hellip;]<\/p>\n","protected":false},"author":1,"featured_media":0,"comment_status":"open","ping_status":"open","sticky":false,"template":"","format":"standard","meta":{"footnotes":""},"categories":[1],"tags":[],"class_list":["post-6801","post","type-post","status-publish","format-standard","hentry","category-noticias"],"acf":[],"_links":{"self":[{"href":"https:\/\/www.crea-mt.org.br\/portal\/wp-json\/wp\/v2\/posts\/6801","targetHints":{"allow":["GET"]}}],"collection":[{"href":"https:\/\/www.crea-mt.org.br\/portal\/wp-json\/wp\/v2\/posts"}],"about":[{"href":"https:\/\/www.crea-mt.org.br\/portal\/wp-json\/wp\/v2\/types\/post"}],"author":[{"embeddable":true,"href":"https:\/\/www.crea-mt.org.br\/portal\/wp-json\/wp\/v2\/users\/1"}],"replies":[{"embeddable":true,"href":"https:\/\/www.crea-mt.org.br\/portal\/wp-json\/wp\/v2\/comments?post=6801"}],"version-history":[{"count":0,"href":"https:\/\/www.crea-mt.org.br\/portal\/wp-json\/wp\/v2\/posts\/6801\/revisions"}],"wp:attachment":[{"href":"https:\/\/www.crea-mt.org.br\/portal\/wp-json\/wp\/v2\/media?parent=6801"}],"wp:term":[{"taxonomy":"category","embeddable":true,"href":"https:\/\/www.crea-mt.org.br\/portal\/wp-json\/wp\/v2\/categories?post=6801"},{"taxonomy":"post_tag","embeddable":true,"href":"https:\/\/www.crea-mt.org.br\/portal\/wp-json\/wp\/v2\/tags?post=6801"}],"curies":[{"name":"wp","href":"https:\/\/api.w.org\/{rel}","templated":true}]}}