{"id":6794,"date":"2007-04-17T00:00:00","date_gmt":"2007-04-17T03:00:00","guid":{"rendered":"https:\/\/crea-mt.org.br\/portal\/governo-libera-r-20-milhoes-para-combater-aftosa-no-ms\/"},"modified":"2007-04-17T00:00:00","modified_gmt":"2007-04-17T03:00:00","slug":"governo-libera-r-20-milhoes-para-combater-aftosa-no-ms","status":"publish","type":"post","link":"https:\/\/www.crea-mt.org.br\/portal\/governo-libera-r-20-milhoes-para-combater-aftosa-no-ms\/","title":{"rendered":"Governo libera R$ 20 milh\u00f5es para combater aftosa no MS"},"content":{"rendered":"<p>Fonte:Folha Online<\/p>\n<p>O governo liberou, por meio da publica\u00e7\u00e3o de uma portaria no Di\u00e1rio Oficial da Uni\u00e3o, a libera\u00e7\u00e3o de R$ 20 milh\u00f5es para o combate a febre aftosa no Mato Grosso do Sul. Parte dessa verba ser\u00e1 destinada para a indeniza\u00e7\u00e3o dos pecuaristas de Eldorado, Mundo Novo e Japor\u00e3, que tiveram 24,8 mil animais abatidos comercialmente em 2007. <\/p>\n<p>A secret\u00e1ria de Desenvolvimento Agr\u00e1rio, da Produ\u00e7\u00e3o, da Ind\u00fastria, do Com\u00e9rcio e do Turismo (Seprotur), Tereza Cristina Corr\u00eaa da Costa Dias, j\u00e1 havia confirmado no in\u00edcio do m\u00eas a libera\u00e7\u00e3o do montante ap\u00f3s audi\u00eancia com o ministro do Planejamento, Or\u00e7amento e Gest\u00e3o, Paulo Bernardo Silva, e o atual ministro da Agricultura, Reinhold Stephanes. <\/p>\n<p>Segundo o superintendente Federal da Agricultura, Orlando Baez, at\u00e9 o final desta semana toda a parte documental das indeniza\u00e7\u00f5es devem estar conclu\u00eddas. <\/p>\n<p>&#8220;Instalamos uma comiss\u00e3o com t\u00e9cnicos para fazer a avalia\u00e7\u00e3o comercial de todo o rebanho abatido para dar agilidade ao processo de indeniza\u00e7\u00e3o dos produtores&#8221;, explica Baez. A previs\u00e3o, segundo ele, e que na pr\u00f3xima semana parte dos 77 produtores sejam ressarcidos. <\/p>\n<p>A Portaria foi assinada pelo ministro Paulo Bernardo Silva (Planejamento) e Bernard Appy, que ocupa o cargo interinamente.<\/p>\n<p>Aftosa<\/p>\n<p>Em dezembro de 2006, ap\u00f3s sacrif\u00edcio de 35 mil animais na regi\u00e3o e de inqu\u00e9rito soro-epidemiol\u00f3gico em 69 dos 88 munic\u00edpios do Estado, a Iagro (Ag\u00eancia Estadual de Defesa Sanit\u00e1ria Animal e Vegetal) descartou a circula\u00e7\u00e3o do v\u00edrus da aftosa. <\/p>\n<p>A notifica\u00e7\u00e3o de focos de aftosa em Mato Grosso do Sul (onde foram confirmados) e no Paran\u00e1, de acordo com avalia\u00e7\u00e3o do Mapa (Minist\u00e9rio de Agricultura, Pecu\u00e1ria e Abastecimento) em novembro do ano passado, causou preju\u00edzos a pecu\u00e1ria nacional avaliados em ao menos US$ 1,7 bilh\u00e3o devido ao embargo da carne brasileira. <\/p>\n<p>Entenda<\/p>\n<p>A febre aftosa \u00e9 uma doen\u00e7a viral altamente contagiosa que afeta gado bovino, b\u00fafalos, caprinos, ovinos, cerv\u00eddeos, su\u00ednos e outros animais que possuem cascos fendidos &#8211;n\u00e3o afeta eq\u00fc\u00eddeos (cavalos, asnos, mulas), sendo que os seres humanos raramente s\u00e3o infectados pelo v\u00edrus. O animal afetado apresenta uma febre alta, que diminui ap\u00f3s dois a tr\u00eas dias, e ferimentos (ves\u00edculas) nas mucosas e pele.<\/p>\n<p>A febre aftosa n\u00e3o representa impacto direto na sa\u00fade p\u00fablica. Comer carne contaminada pela doen\u00e7a praticamente n\u00e3o traz risco nenhum \u00e0 sa\u00fade humana, segundo o SIC (Servi\u00e7o de Informa\u00e7\u00e3o da Carne), mas sem tratamento (vacina) leva animais \u00e0 morte.<\/p>\n","protected":false},"excerpt":{"rendered":"<p>Fonte:Folha Online O governo liberou, por meio da publica\u00e7\u00e3o de uma portaria no Di\u00e1rio Oficial da Uni\u00e3o, a libera\u00e7\u00e3o de R$ 20 milh\u00f5es para o combate a febre aftosa no Mato Grosso do Sul. Parte dessa verba ser\u00e1 destinada para a indeniza\u00e7\u00e3o dos pecuaristas de Eldorado, Mundo Novo e Japor\u00e3, que tiveram 24,8 mil animais [&hellip;]<\/p>\n","protected":false},"author":1,"featured_media":0,"comment_status":"open","ping_status":"open","sticky":false,"template":"","format":"standard","meta":{"footnotes":""},"categories":[1],"tags":[],"class_list":["post-6794","post","type-post","status-publish","format-standard","hentry","category-noticias"],"acf":[],"_links":{"self":[{"href":"https:\/\/www.crea-mt.org.br\/portal\/wp-json\/wp\/v2\/posts\/6794","targetHints":{"allow":["GET"]}}],"collection":[{"href":"https:\/\/www.crea-mt.org.br\/portal\/wp-json\/wp\/v2\/posts"}],"about":[{"href":"https:\/\/www.crea-mt.org.br\/portal\/wp-json\/wp\/v2\/types\/post"}],"author":[{"embeddable":true,"href":"https:\/\/www.crea-mt.org.br\/portal\/wp-json\/wp\/v2\/users\/1"}],"replies":[{"embeddable":true,"href":"https:\/\/www.crea-mt.org.br\/portal\/wp-json\/wp\/v2\/comments?post=6794"}],"version-history":[{"count":0,"href":"https:\/\/www.crea-mt.org.br\/portal\/wp-json\/wp\/v2\/posts\/6794\/revisions"}],"wp:attachment":[{"href":"https:\/\/www.crea-mt.org.br\/portal\/wp-json\/wp\/v2\/media?parent=6794"}],"wp:term":[{"taxonomy":"category","embeddable":true,"href":"https:\/\/www.crea-mt.org.br\/portal\/wp-json\/wp\/v2\/categories?post=6794"},{"taxonomy":"post_tag","embeddable":true,"href":"https:\/\/www.crea-mt.org.br\/portal\/wp-json\/wp\/v2\/tags?post=6794"}],"curies":[{"name":"wp","href":"https:\/\/api.w.org\/{rel}","templated":true}]}}