{"id":6789,"date":"2007-04-17T00:00:00","date_gmt":"2007-04-17T03:00:00","guid":{"rendered":"https:\/\/crea-mt.org.br\/portal\/crea-mt-realiza-iii-pre-congresso-em-sinop-2\/"},"modified":"2007-04-17T00:00:00","modified_gmt":"2007-04-17T03:00:00","slug":"crea-mt-realiza-iii-pre-congresso-em-sinop-2","status":"publish","type":"post","link":"https:\/\/www.crea-mt.org.br\/portal\/crea-mt-realiza-iii-pre-congresso-em-sinop-2\/","title":{"rendered":"Crea-MT realiza III Pr\u00e9-congresso em Sinop"},"content":{"rendered":"<p>Na pr\u00f3xima quarta-feira (18.04), a partir 19h, ser\u00e1 realizado em Sinop, o III Pr\u00e9-congresso Regional &#8211; evento preparat\u00f3rio para o 6\u00b0 Encontro de Profissionais (6\u00b0CEP) que ser\u00e1 realizado em 12 maio, em Cuiab\u00e1. <\/p>\n<p>O objetivo do 6\u00b0 CEP e dos Pr\u00e9-congressos \u00e9 o de incentivar a participa\u00e7\u00e3o dos profissionais ligados ao Conselho Regional de Engenharia, Arquitetura e Agronomia do Mato Grosso (Crea-MT) e \u00e0 sociedade em geral a debater novas legisla\u00e7\u00f5es para os profissionais do Sistema Confea\/Crea. O exerc\u00edcio legal da profiss\u00e3o e o papel desses profissionais no desenvolvimento socioecon\u00f4mico de Mato Grosso tamb\u00e9m ser\u00e3o assuntos debatidos nos eventos. <\/p>\n<p>O primeiro pr\u00e9-congresso foi realizado no dia 11 de abril em Tangar\u00e1 da Serra. O evento que reuniu mais de 80 pessoas contou com a participa\u00e7\u00e3o do presidente do Crea-MT, Tarciso Bassan. <\/p>\n<p>J\u00e1 o segundo encontro foi realizado em C\u00e1ceres e contou com a presen\u00e7a do chefe de gabinete do Conselho Regional de Engenharia, Arquitetura e Agronomia de Mato Grosso(Crea-MT), Hern\u00e1n Escudero Guti\u00e9rrez, que destacou a import\u00e2ncia do 6\u00b0 CEP para os profissionais do munic\u00edpio, onde tamb\u00e9m  foram formulados questionamentos de reivindica\u00e7\u00f5es de melhorias para a cidade. &#8220;O Crea-MT estar\u00e1 apoiando a inspetoria de C\u00e1ceres levantando as dificuldades e buscando poss\u00edveis solu\u00e7\u00f5es de melhorias para os problemas&#8221;, destacou Hern\u00e1n.<\/p>\n<p>Os pr\u00f3ximos pr\u00e9-congressos est\u00e3o marcados para 25 de abril em Rondon\u00f3polis, a partir das 19h na sede da Aeagro, em Barra do Gar\u00e7as no dia 27 de abril na C\u00e2mara Municipal. <\/p>\n<p>*Rafaela Maximiano<br \/>\nAssessoria\/Crea-MT<\/p>\n<p>*Cristina Cavaleiro<br \/>\nEspecial para o Crea-MT  <\/p>\n","protected":false},"excerpt":{"rendered":"<p>Na pr\u00f3xima quarta-feira (18.04), a partir 19h, ser\u00e1 realizado em Sinop, o III Pr\u00e9-congresso Regional &#8211; evento preparat\u00f3rio para o 6\u00b0 Encontro de Profissionais (6\u00b0CEP) que ser\u00e1 realizado em 12 maio, em Cuiab\u00e1. O objetivo do 6\u00b0 CEP e dos Pr\u00e9-congressos \u00e9 o de incentivar a participa\u00e7\u00e3o dos profissionais ligados ao Conselho Regional de Engenharia, [&hellip;]<\/p>\n","protected":false},"author":1,"featured_media":0,"comment_status":"open","ping_status":"open","sticky":false,"template":"","format":"standard","meta":{"footnotes":""},"categories":[1],"tags":[],"class_list":["post-6789","post","type-post","status-publish","format-standard","hentry","category-noticias"],"acf":[],"_links":{"self":[{"href":"https:\/\/www.crea-mt.org.br\/portal\/wp-json\/wp\/v2\/posts\/6789","targetHints":{"allow":["GET"]}}],"collection":[{"href":"https:\/\/www.crea-mt.org.br\/portal\/wp-json\/wp\/v2\/posts"}],"about":[{"href":"https:\/\/www.crea-mt.org.br\/portal\/wp-json\/wp\/v2\/types\/post"}],"author":[{"embeddable":true,"href":"https:\/\/www.crea-mt.org.br\/portal\/wp-json\/wp\/v2\/users\/1"}],"replies":[{"embeddable":true,"href":"https:\/\/www.crea-mt.org.br\/portal\/wp-json\/wp\/v2\/comments?post=6789"}],"version-history":[{"count":0,"href":"https:\/\/www.crea-mt.org.br\/portal\/wp-json\/wp\/v2\/posts\/6789\/revisions"}],"wp:attachment":[{"href":"https:\/\/www.crea-mt.org.br\/portal\/wp-json\/wp\/v2\/media?parent=6789"}],"wp:term":[{"taxonomy":"category","embeddable":true,"href":"https:\/\/www.crea-mt.org.br\/portal\/wp-json\/wp\/v2\/categories?post=6789"},{"taxonomy":"post_tag","embeddable":true,"href":"https:\/\/www.crea-mt.org.br\/portal\/wp-json\/wp\/v2\/tags?post=6789"}],"curies":[{"name":"wp","href":"https:\/\/api.w.org\/{rel}","templated":true}]}}