{"id":6788,"date":"2007-04-17T00:00:00","date_gmt":"2007-04-17T03:00:00","guid":{"rendered":"https:\/\/crea-mt.org.br\/portal\/trabalho-voluntariofuncionario-do-crea-mt-esta-de-malas-prontas-para-o-pan-do-rio-4\/"},"modified":"2007-04-17T00:00:00","modified_gmt":"2007-04-17T03:00:00","slug":"trabalho-voluntariofuncionario-do-crea-mt-esta-de-malas-prontas-para-o-pan-do-rio-4","status":"publish","type":"post","link":"https:\/\/www.crea-mt.org.br\/portal\/trabalho-voluntariofuncionario-do-crea-mt-esta-de-malas-prontas-para-o-pan-do-rio-4\/","title":{"rendered":"TRABALHO VOLUNT\u00c1RIO:Funcion\u00e1rio do Crea-MT est\u00e1 de malas prontas para o Pan do Rio"},"content":{"rendered":"<p>Hern\u00e1n Escudero Gutierrez passar\u00e1 aproximadamente duas semanas no Rio de Janeiro ajudando atletas e convidados nos Jogos Pan-Americanos<\/p>\n<p>Mato Grosso ter\u00e1 pelo menos um representante entre os 15 mil volunt\u00e1rios dos Jogos Pan-Americanos do Rio de Janeiro que acontecem de 13 a 29 de julho. Hern\u00e1n Escudedro Gutierrez, 40, foi selecionado entre mais de 50 mil concorrentes. Ele ocupa a chefia de gabinete e a assessoria parlamentar do Conselho Regional de Engenharia, Arquitetura e Agronomia de Mato Grosso, \u00e9 cuiabano e trabalhar\u00e1 como int\u00e9rprete de l\u00edngua espanhola e prestar\u00e1 assessoria jur\u00eddica caso seja necess\u00e1rio.<\/p>\n<p>&#8220;Ir para o Pan \u00e9 uma oportunidade \u00fanica. Se n\u00e3o fosse como volunt\u00e1ria iria para assistir \u00e0s competi\u00e7\u00f5es&#8221;, disse. Para conseguir a vaga, o advogado e estudante de Comunica\u00e7\u00e3o Social, se inscreveu em meados de 2006. &#8220;Vi pela internet, no site oficial das olimp\u00edadas, que eles estavam selecionando volunt\u00e1rios e prontamente fiz minha inscri\u00e7\u00e3o, apesar de n\u00e3o acreditar que seria selecionado&#8221;, disse Hern\u00e1n. <\/p>\n<p>Meses depois Hern\u00e1n recebeu um comunicado do Comit\u00ea Ol\u00edmpico Brasileiro (COB) por e-mail, dizendo que havia sido aprovado na sele\u00e7\u00e3o. \u00c9 prov\u00e1vel que na primeira quinzena de maio viaje ao Rio para participar de um treinamento com outros selecionados. <\/p>\n<p>Sabe-se que os quinze mil volunt\u00e1rios trabalhar\u00e3o no credenciamento, transporte e orienta\u00e7\u00e3o dos atletas nas instala\u00e7\u00f5es esportivas do Rio e na Vila Pan-americana. De acordo com o advogado, suas despesas n\u00e3o ser\u00e3o pagas pelo COB. <\/p>\n<p>Al\u00e9m de poder estar perto dos melhores atletas do mundo e viver o clima de um Pan-Americano, Hern\u00e1n quer ganhar experi\u00eancia de vida durante os dias que permanecer na capital carioca. &#8220;Al\u00e9m de assistir aos jogos e passear quero adquirir experi\u00eancia de vida para passar aos meus filhos. Sei que ser\u00e1 uma oportunidade \u00fanica&#8221;, disse.<\/p>\n<p>Jogos Pan-americanos deixam legado social para o Pa\u00eds &#8211; A menos de 150 dias para a cerim\u00f4nia de abertura, os preparativos para os Jogos Pan-americanos de 2007, entram na reta final. De acordo com o site oficial dos jogos, o governo federal, at\u00e9 agora, j\u00e1 investiu cerca de R$ 1,5 bilh\u00e3o na realiza\u00e7\u00e3o do evento, sendo que uma parcela dos recursos foi para a infra-estrutura esportiva da cidade do Rio de Janeiro. Ao t\u00e9rmino das competi\u00e7\u00f5es, al\u00e9m da promo\u00e7\u00e3o da cidade anfitri\u00e3, os Jogos Pan-americanos deixar\u00e3o um importante patrim\u00f4nio para a popula\u00e7\u00e3o.<\/p>\n<p>Os atletas ficar\u00e3o hospedados na vila Pan-Americana, constru\u00edda na Barra da Tijuca por meio de financiamento da Caixa Econ\u00f4mica Federal. \u00c9 um dos principais investimentos do governo federal, or\u00e7ado em R$ 189,3 milh\u00f5es. S\u00e3o 17 pr\u00e9dios, somando um total de 1.480 apartamentos, suficientes para abrigar mais de oito mil pessoas. Os apartamentos foram projetados para serem usados tamb\u00e9m pelos atletas dos Jogos Parapan-Americanos,  em agosto.<\/p>\n<p>As disputas do Pan do Rio de Janeiro est\u00e3o divididas em quatro n\u00facleos: Complexo do Maracan\u00e3, Complexo de Deodoro, regi\u00e3o do P\u00e3o de A\u00e7\u00facar e da Barra. No total, os Jogos Pan-americanos Rio 2007 ter\u00e3o 14 sedes, espalhadas num raio de 25 km.<br \/>\nO Complexo Esportivo de Deodoro, localizado na Vila Militar, vai abrigar o Centro Nacional de Hipismo e o Centro Nacional de Tiro, instala\u00e7\u00f5es sem similar na Am\u00e9rica Latina. No Complexo ser\u00e3o realizadas as provas de hipismo, h\u00f3quei sobre grama, tiro esportivo, tiro com arco e pentatlo moderno &#8211; que re\u00fane competi\u00e7\u00f5es de tiro, esgrima, nata\u00e7\u00e3o, hipismo e corrida. Ap\u00f3s o Pan, o local ser\u00e1 um centro de excel\u00eancia para o desenvolvimento do esporte.<\/p>\n<p>O governo federal tamb\u00e9m \u00e9 o respons\u00e1vel pela constru\u00e7\u00e3o do Centro de Opera\u00e7\u00f5es Tecnol\u00f3gicas (TOC), espa\u00e7o de gerenciamento e monitoramento das opera\u00e7\u00f5es de tecnologia de informa\u00e7\u00e3o dos locais de competi\u00e7\u00e3o e de n\u00e3o-competi\u00e7\u00e3o. Ser\u00e3o mais de trinta sistemas integrados durante a competi\u00e7\u00e3o, cerca de cinco mil microcomputadores, al\u00e9m de aparelhos de cronometragem e redes. A Uni\u00e3o investiu R$ 112,9 milh\u00f5es na montagem do centro.<\/p>\n<p>Todos os equipamentos importados pelo Minist\u00e9rio do Esporte continuar\u00e3o a ser utilizados pelos atletas depois dos Jogos. A inten\u00e7\u00e3o do governo federal \u00e9 permitir um melhor desenvolvimento do esporte de alto rendimento no pa\u00eds. O novo material j\u00e1 vem sendo utilizado em treinamentos, campeonatos e seletivas para os jogos que se aproximam. S\u00e3o barcos, redes, caiaques, colch\u00f5es, placares, cron\u00f4metros de alta precis\u00e3o e quadras esportivas, entre outros. A frota de barcos, por exemplo, importada da It\u00e1lia, \u00e9 a mais qualificada de toda a Am\u00e9rica Latina.<\/p>\n<p>O evento tamb\u00e9m foi previsto como uma oportunidade para melhorar a vida da popula\u00e7\u00e3o carioca. Em iniciativa in\u00e9dita, a inclus\u00e3o social foi eleita como n\u00facleo central das a\u00e7\u00f5es governamentais dentro dos preparativos da competi\u00e7\u00e3o. Amplia\u00e7\u00f5es do atendimento dos programas Segundo Tempo, Ponto de Cultura, novas parcerias e fortalecimento do di\u00e1logo entre o poder p\u00fablico e as comunidades s\u00e3o exemplos do legado que os Jogos deixar\u00e3o para a cidade.<\/p>\n<p>As tr\u00eas esferas de governo &#8211; federal estadual e municipal &#8211; est\u00e3o unidas para receber os 5,5 mil atletas representantes de 42 pa\u00edses participantes do Pan. Do governo federal participam, de forma direta ou indireta, 21 minist\u00e9rios. (Com Minist\u00e9rio do Esporte)<\/p>\n<p>*Rafaela Maximiano<br \/>\nAssessoria\/Crea-MT<\/p>\n","protected":false},"excerpt":{"rendered":"<p>Hern\u00e1n Escudero Gutierrez passar\u00e1 aproximadamente duas semanas no Rio de Janeiro ajudando atletas e convidados nos Jogos Pan-Americanos Mato Grosso ter\u00e1 pelo menos um representante entre os 15 mil volunt\u00e1rios dos Jogos Pan-Americanos do Rio de Janeiro que acontecem de 13 a 29 de julho. Hern\u00e1n Escudedro Gutierrez, 40, foi selecionado entre mais de 50 [&hellip;]<\/p>\n","protected":false},"author":1,"featured_media":0,"comment_status":"open","ping_status":"open","sticky":false,"template":"","format":"standard","meta":{"footnotes":""},"categories":[1],"tags":[],"class_list":["post-6788","post","type-post","status-publish","format-standard","hentry","category-noticias"],"acf":[],"_links":{"self":[{"href":"https:\/\/www.crea-mt.org.br\/portal\/wp-json\/wp\/v2\/posts\/6788","targetHints":{"allow":["GET"]}}],"collection":[{"href":"https:\/\/www.crea-mt.org.br\/portal\/wp-json\/wp\/v2\/posts"}],"about":[{"href":"https:\/\/www.crea-mt.org.br\/portal\/wp-json\/wp\/v2\/types\/post"}],"author":[{"embeddable":true,"href":"https:\/\/www.crea-mt.org.br\/portal\/wp-json\/wp\/v2\/users\/1"}],"replies":[{"embeddable":true,"href":"https:\/\/www.crea-mt.org.br\/portal\/wp-json\/wp\/v2\/comments?post=6788"}],"version-history":[{"count":0,"href":"https:\/\/www.crea-mt.org.br\/portal\/wp-json\/wp\/v2\/posts\/6788\/revisions"}],"wp:attachment":[{"href":"https:\/\/www.crea-mt.org.br\/portal\/wp-json\/wp\/v2\/media?parent=6788"}],"wp:term":[{"taxonomy":"category","embeddable":true,"href":"https:\/\/www.crea-mt.org.br\/portal\/wp-json\/wp\/v2\/categories?post=6788"},{"taxonomy":"post_tag","embeddable":true,"href":"https:\/\/www.crea-mt.org.br\/portal\/wp-json\/wp\/v2\/tags?post=6788"}],"curies":[{"name":"wp","href":"https:\/\/api.w.org\/{rel}","templated":true}]}}