{"id":6783,"date":"2007-04-18T00:00:00","date_gmt":"2007-04-18T03:00:00","guid":{"rendered":"https:\/\/crea-mt.org.br\/portal\/tudo-pronto-para-6o-congresso-estadual-dos-profissionais-do-maranhao\/"},"modified":"2007-04-18T00:00:00","modified_gmt":"2007-04-18T03:00:00","slug":"tudo-pronto-para-6o-congresso-estadual-dos-profissionais-do-maranhao","status":"publish","type":"post","link":"https:\/\/www.crea-mt.org.br\/portal\/tudo-pronto-para-6o-congresso-estadual-dos-profissionais-do-maranhao\/","title":{"rendered":"Tudo pronto para 6\u00ba Congresso Estadual dos Profissionais do Maranh\u00e3o"},"content":{"rendered":"<p>Ter\u00e1 in\u00edcio na quinta-feira, 19, a partir das 8h, o 6\u00ba Congresso Estadual dos Profissionais &#8211; 6\u00ba CEP &#8211; do estado do Maranh\u00e3o. O evento ocorre simultaneamente em S\u00e3o Lu\u00eds, no Pal\u00e1cio Henrique de La Rocque e nos P\u00f3los da Universidade Virtual do Maranh\u00e3o (Univima) de A\u00e7ail\u00e2ndia, Brejo (Chapadinha), Caxias, Cod\u00f3, Imperatriz, Pedreiras, Porto Franco, Pinheiro e Santa In\u00eas &#8211; onde ficam instaladas as 12 Inspetorias Regionais do Conselho -, na Universidade Estadual do Maranh\u00e3o (Uema) &#8211; por meio do seu Centro Integrado de Educa\u00e7\u00e3o de Colinas e Centro de Estudos Superiores de Timon (P\u00f3lo de Timon) -, Centro de Estudos Superiores de Bacabal (P\u00f3lo de Bacabal) e Centro de Estudos Superiores de Balsas (P\u00f3lo de Balsas). O encerramento ser\u00e1 na sexta-feira, 20, \u00e0s 18h. <\/p>\n<p>O chamado Novo Pacto Profissional e Social ser\u00e1 resultado de propostas feitas nesse congresso que ser\u00e3o encaminhadas para discuss\u00e3o e aprova\u00e7\u00e3o na 6\u00aa edi\u00e7\u00e3o do Congresso Nacional, dos Profissionais &#8211; 6\u00ba CNP que acontecer\u00e1 paralelamente \u00e0 64\u00aa. Semana Oficial da Engenharia, Arquitetura e Agronomia, ao F\u00f3rum da Mulher e \u00e0 Feira Tecnol\u00f3gica, de 12 a 18 de agosto deste ano, no Rio de Janeiro. A promo\u00e7\u00e3o \u00e9 do Conselho Federal de Engenharia, Arquitetura e Agronomia (Confea) e do Conselho Regional de Engenharia, Arquitetura e Agronomia Maranh\u00e3o (Crea-MA). <\/p>\n<p>A iniciativa do Sistema Confea\/Crea de promover essas discuss\u00f5es, segundo o presidente do Crea-MA, engenheiro Raymundo Portelada, tem o objetivo principal de afirmar o papel dos profissionais das \u00e1reas da Engenharia, Arquitetura, Agronomia, Geologia, Geografia e Meteorologia na defesa dos interesses humanos e sociais no desenvolvimento sustent\u00e1vel do Pa\u00eds.<\/p>\n<p>Na abertura ter\u00e1 pronunciamento do presidente do Confea, Marcos T\u00falio de Melo, que abordar\u00e1 o tema &#8220;Novo Pacto Profissional e Social&#8221;, e participa\u00e7\u00e3o em tempo real dos presidentes dos Creas de Bras\u00edlia, Rio de Janeiro, Santa Catarina e Rio Grande do Sul. Na oportunidade, o presidente do Crea-MA vai lembrar aos presentes da import\u00e2ncia de os profissionais refletirem seu papel dentro da sociedade e, ainda, contribuir de forma efetiva para uma melhor atua\u00e7\u00e3o de todo o Sistema Confea\/Crea.<\/p>\n<p>Fonte: Jornal Pequeno<\/p>\n","protected":false},"excerpt":{"rendered":"<p>Ter\u00e1 in\u00edcio na quinta-feira, 19, a partir das 8h, o 6\u00ba Congresso Estadual dos Profissionais &#8211; 6\u00ba CEP &#8211; do estado do Maranh\u00e3o. O evento ocorre simultaneamente em S\u00e3o Lu\u00eds, no Pal\u00e1cio Henrique de La Rocque e nos P\u00f3los da Universidade Virtual do Maranh\u00e3o (Univima) de A\u00e7ail\u00e2ndia, Brejo (Chapadinha), Caxias, Cod\u00f3, Imperatriz, Pedreiras, Porto Franco, [&hellip;]<\/p>\n","protected":false},"author":1,"featured_media":0,"comment_status":"open","ping_status":"open","sticky":false,"template":"","format":"standard","meta":{"footnotes":""},"categories":[1],"tags":[],"class_list":["post-6783","post","type-post","status-publish","format-standard","hentry","category-noticias"],"acf":[],"_links":{"self":[{"href":"https:\/\/www.crea-mt.org.br\/portal\/wp-json\/wp\/v2\/posts\/6783","targetHints":{"allow":["GET"]}}],"collection":[{"href":"https:\/\/www.crea-mt.org.br\/portal\/wp-json\/wp\/v2\/posts"}],"about":[{"href":"https:\/\/www.crea-mt.org.br\/portal\/wp-json\/wp\/v2\/types\/post"}],"author":[{"embeddable":true,"href":"https:\/\/www.crea-mt.org.br\/portal\/wp-json\/wp\/v2\/users\/1"}],"replies":[{"embeddable":true,"href":"https:\/\/www.crea-mt.org.br\/portal\/wp-json\/wp\/v2\/comments?post=6783"}],"version-history":[{"count":0,"href":"https:\/\/www.crea-mt.org.br\/portal\/wp-json\/wp\/v2\/posts\/6783\/revisions"}],"wp:attachment":[{"href":"https:\/\/www.crea-mt.org.br\/portal\/wp-json\/wp\/v2\/media?parent=6783"}],"wp:term":[{"taxonomy":"category","embeddable":true,"href":"https:\/\/www.crea-mt.org.br\/portal\/wp-json\/wp\/v2\/categories?post=6783"},{"taxonomy":"post_tag","embeddable":true,"href":"https:\/\/www.crea-mt.org.br\/portal\/wp-json\/wp\/v2\/tags?post=6783"}],"curies":[{"name":"wp","href":"https:\/\/api.w.org\/{rel}","templated":true}]}}