{"id":6782,"date":"2007-04-18T00:00:00","date_gmt":"2007-04-18T03:00:00","guid":{"rendered":"https:\/\/crea-mt.org.br\/portal\/engenharia-vegetal\/"},"modified":"2007-04-18T00:00:00","modified_gmt":"2007-04-18T03:00:00","slug":"engenharia-vegetal","status":"publish","type":"post","link":"https:\/\/www.crea-mt.org.br\/portal\/engenharia-vegetal\/","title":{"rendered":"Engenharia vegetal"},"content":{"rendered":"<p>&#8220;\u00c9 uma esp\u00e9cie de engenharia civil em que a vegeta\u00e7\u00e3o [sementes, plantas ou partes de plantas] \u00e9 usada como material de constru\u00e7\u00e3o priorit\u00e1rio&#8221;, explicou Jo\u00e3o Paulo Fernandes, professor do Departamento de Planejamento Biof\u00edsico e Paisag\u00edstico da Universidade de \u00c9vora (Portugal). O dom\u00ednio de aplica\u00e7\u00e3o da engenharia natural &#8211; t\u00e9cnica que vai ser publicamente apresentada pela primeira vez num semin\u00e1rio em 22 de Maio &#8211; \u00e9 vasto e vai desde a recupera\u00e7\u00e3o de minas e pedreiras, dunas e zonas costeiras \u00e0s infra-estruturas rodovi\u00e1rias, passando pela consolida\u00e7\u00e3o de taludes, ribeiras ou controle da eros\u00e3o ap\u00f3s inc\u00eandios. Por isso, \u00e9 f\u00e1cil encontrar exemplos da aplica\u00e7\u00e3o desta t\u00e9cnica um pouco por todo o lado. Quando a vegeta\u00e7\u00e3o por si s\u00f3 n\u00e3o preenche todos os objetivos t\u00e9cnicos, podem ser usadas t\u00e9cnicas combinadas recorrendo a outros materiais de constru\u00e7\u00e3o como o bet\u00e3o, o ferro ou a madeira.<\/p>\n<p>No entanto, a mat\u00e9ria natural apresenta uma vantagem significativa: &#8220;A vegeta\u00e7\u00e3o cresce e desenvolve-se, logo, a efic\u00e1cia da interven\u00e7\u00e3o ser\u00e1 aumentada, ao contr\u00e1rio do que acontece nos sistemas tradicionais em que s\u00e3o usados materiais inertes que tendem a perder efic\u00e1cia e qualidades&#8221;, especificou o especialista. Al\u00e9m de servir para consolidar taludes de estradas e auto-estradas, a engenharia natural tem sido tamb\u00e9m muito usada em Portugal para recuperar cord\u00f5es dunares. Nos \u00faltimos cinco anos, foram feitas interven\u00e7\u00f5es deste g\u00eanero no Algarve e no litoral alentejano, regi\u00f5es portuguesas, adiantou Jo\u00e3o Paulo Fernandes. Na Ria Formosa, outra regi\u00e3o portuguesa, est\u00e1 em curso uma interven\u00e7\u00e3o que envolve a constru\u00e7\u00e3o de uma pali\u00e7ada e a planta\u00e7\u00e3o de estorno (planta t\u00edpica dos terrenos arenosos) para ajudar a depositar a areia.<\/p>\n<p>Fonte: O Primeiro de Janeiro (jornal portugu\u00eas)<\/p>\n","protected":false},"excerpt":{"rendered":"<p>&#8220;\u00c9 uma esp\u00e9cie de engenharia civil em que a vegeta\u00e7\u00e3o [sementes, plantas ou partes de plantas] \u00e9 usada como material de constru\u00e7\u00e3o priorit\u00e1rio&#8221;, explicou Jo\u00e3o Paulo Fernandes, professor do Departamento de Planejamento Biof\u00edsico e Paisag\u00edstico da Universidade de \u00c9vora (Portugal). O dom\u00ednio de aplica\u00e7\u00e3o da engenharia natural &#8211; t\u00e9cnica que vai ser publicamente apresentada pela [&hellip;]<\/p>\n","protected":false},"author":1,"featured_media":0,"comment_status":"open","ping_status":"open","sticky":false,"template":"","format":"standard","meta":{"footnotes":""},"categories":[1],"tags":[],"class_list":["post-6782","post","type-post","status-publish","format-standard","hentry","category-noticias"],"acf":[],"_links":{"self":[{"href":"https:\/\/www.crea-mt.org.br\/portal\/wp-json\/wp\/v2\/posts\/6782","targetHints":{"allow":["GET"]}}],"collection":[{"href":"https:\/\/www.crea-mt.org.br\/portal\/wp-json\/wp\/v2\/posts"}],"about":[{"href":"https:\/\/www.crea-mt.org.br\/portal\/wp-json\/wp\/v2\/types\/post"}],"author":[{"embeddable":true,"href":"https:\/\/www.crea-mt.org.br\/portal\/wp-json\/wp\/v2\/users\/1"}],"replies":[{"embeddable":true,"href":"https:\/\/www.crea-mt.org.br\/portal\/wp-json\/wp\/v2\/comments?post=6782"}],"version-history":[{"count":0,"href":"https:\/\/www.crea-mt.org.br\/portal\/wp-json\/wp\/v2\/posts\/6782\/revisions"}],"wp:attachment":[{"href":"https:\/\/www.crea-mt.org.br\/portal\/wp-json\/wp\/v2\/media?parent=6782"}],"wp:term":[{"taxonomy":"category","embeddable":true,"href":"https:\/\/www.crea-mt.org.br\/portal\/wp-json\/wp\/v2\/categories?post=6782"},{"taxonomy":"post_tag","embeddable":true,"href":"https:\/\/www.crea-mt.org.br\/portal\/wp-json\/wp\/v2\/tags?post=6782"}],"curies":[{"name":"wp","href":"https:\/\/api.w.org\/{rel}","templated":true}]}}