{"id":6781,"date":"2007-04-18T00:00:00","date_gmt":"2007-04-18T03:00:00","guid":{"rendered":"https:\/\/crea-mt.org.br\/portal\/64a-soeaa-promovera-cursos-e-palestras-para-profissionais-e-estudantes\/"},"modified":"2007-04-18T00:00:00","modified_gmt":"2007-04-18T03:00:00","slug":"64a-soeaa-promovera-cursos-e-palestras-para-profissionais-e-estudantes","status":"publish","type":"post","link":"https:\/\/www.crea-mt.org.br\/portal\/64a-soeaa-promovera-cursos-e-palestras-para-profissionais-e-estudantes\/","title":{"rendered":"64\u00aa Soeaa promover\u00e1 cursos e palestras para profissionais e estudantes"},"content":{"rendered":"<p>As Comiss\u00f5es Organizadoras da 64\u00aa Semana Oficial da Engenharia, da Arquitetura e da Agronomia (SOEAA) se reuniram na sede do Crea-RJ na segunda-feira, 16\/4. A Semana vai acontecer no Rio Cidade Nova Convention Center, de 12 a 18 de agosto. Est\u00e3o programados congressos, confer\u00eancias, palestras, cursos e pain\u00e9is sobre diferentes temas ligados a \u00e1rea tecnol\u00f3gica, ministrados por profissionais de grande relev\u00e2ncia nos cen\u00e1rios nacional e internacional.<\/p>\n<p>Entre outras atividades, os integrantes das comiss\u00f5es visitaram a obra do Rio Cidade Nova Convention Center, que deve ser conclu\u00edda em junho. A Soeaa ser\u00e1 o primeiro grande evento realizado no local. O presidente do Confea, eng. Marcos T\u00falio de Melo, e do Crea-RJ, Reynaldo Barros, estiveram no local e puderam constatar o est\u00e1gio avan\u00e7ado da obra.<\/p>\n<p>O representante da Coordena\u00e7\u00e3o Nacional das C\u00e2maras Especializadas, Wiliam Alves, explicou que a Semana vai oferecer cursos para os profissionais com carga hor\u00e1ria de seis horas. Foram analisadas algumas op\u00e7\u00f5es de temas, como, por exemplo, Cr\u00e9dito de Carbono, Avalia\u00e7\u00e3o e Per\u00edcia, Gest\u00e3o Empresarial, Atualiza\u00e7\u00e3o em Seguran\u00e7a do Trabalho, NR32 e NR33, Patologia nas Constru\u00e7\u00f5es e Auditoria para acessibilidade.<\/p>\n<p>A coordenadora do 4\u00ba F\u00f3rum da Mulher, Lia Barbosa S\u00e1, presidente do Crea-DF, afirmou que no pr\u00f3ximo dia 23 de abril os organizadores definir\u00e3o os nomes das palestrantes e os mediadores dos debates.<\/p>\n<p>Para o F\u00f3rum da Mulher est\u00e3o programadas atividades como mesa redonda e oficina interativa. Com o tema &#8220;Mulheres projetando e construindo um mundo melhor&#8221;, as palestras abordar\u00e3o legisla\u00e7\u00e3o brasileira em quest\u00f5es de g\u00eanero e situa\u00e7\u00e3o da mulher da \u00e1rea tecnol\u00f3gica nos contextos nacional e mundial. <\/p>\n<p>Lia S\u00e1 divulgou o edital de avalia\u00e7\u00e3o e classifica\u00e7\u00e3o do projeto &#8220;Tecnologia Solid\u00e1ria&#8221; para os programas desenvolvidos pelos Grupos de Trabalho da Mulher, institu\u00eddos nos Creas, que ter\u00e3o at\u00e9 o dia 15 de junho para inscrever seus projetos. Outras informa\u00e7\u00f5es estar\u00e3o dispon\u00edveis no site www.confea.org.br.Em linhas gerais o objetivo do projeto &#8220;Tecnologia Solid\u00e1ria&#8221; \u00e9 que as mulheres da \u00e1rea tecnol\u00f3gica possam transmitir seus conhecimentos para as fam\u00edlias de baixa renda, em uma a\u00e7\u00e3o de responsabilidade social.<\/p>\n<p>Fonte: Crea-RJ<\/p>\n","protected":false},"excerpt":{"rendered":"<p>As Comiss\u00f5es Organizadoras da 64\u00aa Semana Oficial da Engenharia, da Arquitetura e da Agronomia (SOEAA) se reuniram na sede do Crea-RJ na segunda-feira, 16\/4. A Semana vai acontecer no Rio Cidade Nova Convention Center, de 12 a 18 de agosto. Est\u00e3o programados congressos, confer\u00eancias, palestras, cursos e pain\u00e9is sobre diferentes temas ligados a \u00e1rea tecnol\u00f3gica, [&hellip;]<\/p>\n","protected":false},"author":1,"featured_media":0,"comment_status":"open","ping_status":"open","sticky":false,"template":"","format":"standard","meta":{"footnotes":""},"categories":[1],"tags":[],"class_list":["post-6781","post","type-post","status-publish","format-standard","hentry","category-noticias"],"acf":[],"_links":{"self":[{"href":"https:\/\/www.crea-mt.org.br\/portal\/wp-json\/wp\/v2\/posts\/6781","targetHints":{"allow":["GET"]}}],"collection":[{"href":"https:\/\/www.crea-mt.org.br\/portal\/wp-json\/wp\/v2\/posts"}],"about":[{"href":"https:\/\/www.crea-mt.org.br\/portal\/wp-json\/wp\/v2\/types\/post"}],"author":[{"embeddable":true,"href":"https:\/\/www.crea-mt.org.br\/portal\/wp-json\/wp\/v2\/users\/1"}],"replies":[{"embeddable":true,"href":"https:\/\/www.crea-mt.org.br\/portal\/wp-json\/wp\/v2\/comments?post=6781"}],"version-history":[{"count":0,"href":"https:\/\/www.crea-mt.org.br\/portal\/wp-json\/wp\/v2\/posts\/6781\/revisions"}],"wp:attachment":[{"href":"https:\/\/www.crea-mt.org.br\/portal\/wp-json\/wp\/v2\/media?parent=6781"}],"wp:term":[{"taxonomy":"category","embeddable":true,"href":"https:\/\/www.crea-mt.org.br\/portal\/wp-json\/wp\/v2\/categories?post=6781"},{"taxonomy":"post_tag","embeddable":true,"href":"https:\/\/www.crea-mt.org.br\/portal\/wp-json\/wp\/v2\/tags?post=6781"}],"curies":[{"name":"wp","href":"https:\/\/api.w.org\/{rel}","templated":true}]}}