{"id":6776,"date":"2007-04-18T00:00:00","date_gmt":"2007-04-18T03:00:00","guid":{"rendered":"https:\/\/crea-mt.org.br\/portal\/cuiaba-sediara-i-simposio-de-recursos-hidricos-do-norte-e-centro-oeste\/"},"modified":"2007-04-18T00:00:00","modified_gmt":"2007-04-18T03:00:00","slug":"cuiaba-sediara-i-simposio-de-recursos-hidricos-do-norte-e-centro-oeste","status":"publish","type":"post","link":"https:\/\/www.crea-mt.org.br\/portal\/cuiaba-sediara-i-simposio-de-recursos-hidricos-do-norte-e-centro-oeste\/","title":{"rendered":"Cuiab\u00e1 sediar\u00e1 I Simp\u00f3sio de Recursos H\u00eddricos do Norte e Centro-Oeste"},"content":{"rendered":"<p>At\u00e9 30 de abril, est\u00e3o abertas sugest\u00f5es de temas para mesas redondas e palestras em simp\u00f3sio<\/p>\n<p>As regionais do Norte e do Centro-Oeste da Associa\u00e7\u00e3o Brasileira de Recursos H\u00eddricos (ABRH), em parceria com \u00f3rg\u00e3os ligados \u00e0 gest\u00e3o dos recursos h\u00eddricos promovem em Cuiab\u00e1, entre os dias 24 e 27 de junho, o I Simp\u00f3sio de Recursos H\u00eddricos do Norte e Centro-Oeste. <\/p>\n<p>O tema central do evento: &#8220;A Busca pela Sustentabilidade dos Recursos H\u00eddricos&#8221; \u00e9 o grande desafio dos profissionais que atuam nesta \u00e1rea, cujo marco regulat\u00f3rio, a Lei 9433\/97, comemora 10 anos em 2007. De acordo com o presidente da Comiss\u00e3o Organizadora, Luiz Airton Gomes, este simp\u00f3sio \u00e9 o evento que sucede dois tradicionais simp\u00f3sios da ABRH: o de recursos h\u00eddricos do Centro-Oeste e o do Norte. O primeiro est\u00e1 em quarta edi\u00e7\u00e3o e, o segundo conta com mais de 10 anos.<\/p>\n<p>&#8220;A participa\u00e7\u00e3o de estudantes de gradua\u00e7\u00e3o, p\u00f3s-gradua\u00e7\u00e3o, professores, pesquisadores e demais profissionais de \u00e1reas afins ser\u00e1 de grande import\u00e2ncia para o debate das quest\u00f5es relativas aos recursos h\u00eddricos assim como para a forma\u00e7\u00e3o de recursos humanos&#8221;, disse Luiz Airton.<\/p>\n<p>O Simp\u00f3sio tamb\u00e9m contar\u00e1 com a realiza\u00e7\u00e3o de debates, mesas-redondas, palestras, mini-cursos, apresenta\u00e7\u00e3o de trabalhos t\u00e9cnicos e exposi\u00e7\u00e3o t\u00e9cnica. Os temas para as mesas redondas ser\u00e3o: hidrovia, leis das concess\u00f5es em saneamento b\u00e1sico, mudan\u00e7as clim\u00e1ticas, uso da \u00e1gua para hidroel\u00e9trica, Pantanal, recupera\u00e7\u00e3o e preserva\u00e7\u00e3o de bacias hidrogr\u00e1ficas, hidrologia aplicada, saneamento ambiental, utiliza\u00e7\u00e3o racional e reuso de \u00e1guas, a \u00e1gua na agropecu\u00e1ria, \u00e1guas subterr\u00e2neas, gest\u00e3o e pol\u00edticas p\u00fablicas de recursos h\u00eddricos, climatologia e impactos das mudan\u00e7as clim\u00e1ticas; eros\u00e3o, assoreamento e transporte de sedimentos, sistemas de informa\u00e7\u00f5es geogr\u00e1ficas e geoprocessamento, transporte hidrovi\u00e1rio, uso da \u00e1gua para fins de gera\u00e7\u00e3o de energia el\u00e9trica, irriga\u00e7\u00e3o e drenagem, educa\u00e7\u00e3o ambiental e, explora\u00e7\u00e3o e potencial dos recursos hidromineral e termal.<\/p>\n<p>&#8220;Esses s\u00e3o apenas alguns dos temas que estaremos discutindo. Inclusive aceitamos sugest\u00f5es de outros temas para palestras e mesas-redondas at\u00e9 o final de abril&#8221;, lembrou Luiz Airton.<\/p>\n<p>O I Simp\u00f3sio de Recursos H\u00eddricos do Norte e Centro-Oeste ser\u00e1 realizado de 24 a 27 de junho no Hotel Deville, localizado na avenida Isaac P\u00f3voas, n\u00ba 1.000, Cuiab\u00e1. Outras informa\u00e7\u00f5es no site www.acquacon.com.br\/isrhnco.<\/p>\n<p>EXPOSI\u00c7\u00c3O &#8211; O Comit\u00ea Organizador est\u00e1 disponibilizando estandes dentro de uma exposi\u00e7\u00e3o t\u00e9cnica paralela ao evento, destinados \u00e0s empresas, \u00e0s institui\u00e7\u00f5es de pesquisa, aos \u00f3rg\u00e3os de governo e aos demais interessados em expor seus produtos e servi\u00e7os.<\/p>\n<p>*Rafaela Maximiano <\/p>\n<p>Assessoria de Comunica\u00e7\u00e3o do Crea-MT <\/p>\n","protected":false},"excerpt":{"rendered":"<p>At\u00e9 30 de abril, est\u00e3o abertas sugest\u00f5es de temas para mesas redondas e palestras em simp\u00f3sio As regionais do Norte e do Centro-Oeste da Associa\u00e7\u00e3o Brasileira de Recursos H\u00eddricos (ABRH), em parceria com \u00f3rg\u00e3os ligados \u00e0 gest\u00e3o dos recursos h\u00eddricos promovem em Cuiab\u00e1, entre os dias 24 e 27 de junho, o I Simp\u00f3sio de [&hellip;]<\/p>\n","protected":false},"author":1,"featured_media":0,"comment_status":"open","ping_status":"open","sticky":false,"template":"","format":"standard","meta":{"footnotes":""},"categories":[1],"tags":[],"class_list":["post-6776","post","type-post","status-publish","format-standard","hentry","category-noticias"],"acf":[],"_links":{"self":[{"href":"https:\/\/www.crea-mt.org.br\/portal\/wp-json\/wp\/v2\/posts\/6776","targetHints":{"allow":["GET"]}}],"collection":[{"href":"https:\/\/www.crea-mt.org.br\/portal\/wp-json\/wp\/v2\/posts"}],"about":[{"href":"https:\/\/www.crea-mt.org.br\/portal\/wp-json\/wp\/v2\/types\/post"}],"author":[{"embeddable":true,"href":"https:\/\/www.crea-mt.org.br\/portal\/wp-json\/wp\/v2\/users\/1"}],"replies":[{"embeddable":true,"href":"https:\/\/www.crea-mt.org.br\/portal\/wp-json\/wp\/v2\/comments?post=6776"}],"version-history":[{"count":0,"href":"https:\/\/www.crea-mt.org.br\/portal\/wp-json\/wp\/v2\/posts\/6776\/revisions"}],"wp:attachment":[{"href":"https:\/\/www.crea-mt.org.br\/portal\/wp-json\/wp\/v2\/media?parent=6776"}],"wp:term":[{"taxonomy":"category","embeddable":true,"href":"https:\/\/www.crea-mt.org.br\/portal\/wp-json\/wp\/v2\/categories?post=6776"},{"taxonomy":"post_tag","embeddable":true,"href":"https:\/\/www.crea-mt.org.br\/portal\/wp-json\/wp\/v2\/tags?post=6776"}],"curies":[{"name":"wp","href":"https:\/\/api.w.org\/{rel}","templated":true}]}}