{"id":6737,"date":"2007-04-23T00:00:00","date_gmt":"2007-04-23T03:00:00","guid":{"rendered":"https:\/\/crea-mt.org.br\/portal\/ambientalistas-criticam-reducao-da-amazonia-legal\/"},"modified":"2007-04-23T00:00:00","modified_gmt":"2007-04-23T03:00:00","slug":"ambientalistas-criticam-reducao-da-amazonia-legal","status":"publish","type":"post","link":"https:\/\/www.crea-mt.org.br\/portal\/ambientalistas-criticam-reducao-da-amazonia-legal\/","title":{"rendered":"Ambientalistas criticam redu\u00e7\u00e3o da Amaz\u00f4nia legal"},"content":{"rendered":"<p>Fonte: O Estado de S.Paulo <\/p>\n<p>Manobra \u00e9 para desmatar mais, dizem deputado e diretor do Greenpeace<\/p>\n<p>Integrante da Comiss\u00e3o de Meio Ambiente da C\u00e2mara, o ex-ministro do Meio Ambiente Jos\u00e9 Sarney Filho (PV-MA) classificou ontem de &#8220;inoportuno e inadequado&#8221; o projeto do senador Jonas Pinheiro (DEM-MT) que exclui da Amaz\u00f4nia Legal os Estados de Mato Grosso, Tocantins e Maranh\u00e3o.  &#8220;\u00c9 um projeto que est\u00e1 fora da realidade brasileira e global&#8221;, afirmou ele, que participa da Frente Parlamentar Ambientalista.<\/p>\n<p>A proposta de Jonas Pinheiro, divulgada ontem pelo Estado, \u00e9 tamb\u00e9m criticada pelo diretor de pol\u00edticas p\u00fablicas do Greenpeace, S\u00e9rgio Leit\u00e3o.  &#8220;Fundamentalmente, a motiva\u00e7\u00e3o do projeto \u00e9 reduzir a prote\u00e7\u00e3o ambiental&#8221;, avalia.  Do ponto de vista concreto, ele considera que o projeto \u00e9 errado, porque, no caso de Mato Grosso, as florestas atingidas pertencem claramente \u00e0 vegeta\u00e7\u00e3o amaz\u00f4nica.  &#8220;Mas, se passarem a pertencer ao cerrado, a propor\u00e7\u00e3o de \u00e1reas protegidas cair\u00e1 de 80% para 35%&#8221;, explica.<\/p>\n<p>J\u00e1 com parecer favor\u00e1vel da Comiss\u00e3o de Desenvolvimento Regional e Turismo do Senado, a proposta do senador Pinheiro, de acordo com Sarney Filho, &#8220;tem uma sinaliza\u00e7\u00e3o inversa, de que se pode desmatar a Amaz\u00f4nia&#8221;.  Ele destaca que o projeto se contrap\u00f5e \u00e0s crescentes preocupa\u00e7\u00f5es mundiais com o aquecimento do planeta.<\/p>\n<p>Mesmo assim, o deputado diz estar confiante de que os senadores v\u00e3o rejeitar a proposta.  Se isso n\u00e3o ocorrer, Sarney Filho acredita que a C\u00e2mara vai derrub\u00e1-la, &#8220;pois toda a Frente Ambientalista votar\u00e1 contra&#8221;.<\/p>\n<p>O deputado entende que o pr\u00f3prio governo definir\u00e1 posi\u00e7\u00e3o contra a iniciativa.  &#8220;A ministra Marina Silva, do Meio Ambiente, j\u00e1 se manifestou contra a id\u00e9ia&#8221;, garante.  Independentemente da posi\u00e7\u00e3o que o governo possa adotar, Sarney Filho diz que os parlamentares ambientalistas poder\u00e3o organizar um movimento e mobilizar a sociedade contra essa altera\u00e7\u00e3o.  &#8220;Vamos nos movimentar e impedir a aprova\u00e7\u00e3o&#8221;, promete.<\/p>\n<p>O diretor do Greenpeace partilha do otimismo de Sarney Filho: &#8220;Acredito que a id\u00e9ia n\u00e3o passar\u00e1 no Congresso.&#8221; Ele adverte tamb\u00e9m para o falso dilemma entre preservar o meio ambiente ou expandir \u00e1reas para o cultivo de soja &#8211; ou, agora, de cana e outras lavouras para produzir biocombust\u00edveis, como o etanol.  &#8220;O Pa\u00eds disp\u00f5e de \u00e1reas para expans\u00e3o agr\u00edcola sem precisar reduzir as \u00e1reas sob prote\u00e7\u00e3o ambiental&#8221;, avisa.<\/p>\n","protected":false},"excerpt":{"rendered":"<p>Fonte: O Estado de S.Paulo Manobra \u00e9 para desmatar mais, dizem deputado e diretor do Greenpeace Integrante da Comiss\u00e3o de Meio Ambiente da C\u00e2mara, o ex-ministro do Meio Ambiente Jos\u00e9 Sarney Filho (PV-MA) classificou ontem de &#8220;inoportuno e inadequado&#8221; o projeto do senador Jonas Pinheiro (DEM-MT) que exclui da Amaz\u00f4nia Legal os Estados de Mato [&hellip;]<\/p>\n","protected":false},"author":1,"featured_media":0,"comment_status":"open","ping_status":"open","sticky":false,"template":"","format":"standard","meta":{"footnotes":""},"categories":[1],"tags":[],"class_list":["post-6737","post","type-post","status-publish","format-standard","hentry","category-noticias"],"acf":[],"_links":{"self":[{"href":"https:\/\/www.crea-mt.org.br\/portal\/wp-json\/wp\/v2\/posts\/6737","targetHints":{"allow":["GET"]}}],"collection":[{"href":"https:\/\/www.crea-mt.org.br\/portal\/wp-json\/wp\/v2\/posts"}],"about":[{"href":"https:\/\/www.crea-mt.org.br\/portal\/wp-json\/wp\/v2\/types\/post"}],"author":[{"embeddable":true,"href":"https:\/\/www.crea-mt.org.br\/portal\/wp-json\/wp\/v2\/users\/1"}],"replies":[{"embeddable":true,"href":"https:\/\/www.crea-mt.org.br\/portal\/wp-json\/wp\/v2\/comments?post=6737"}],"version-history":[{"count":0,"href":"https:\/\/www.crea-mt.org.br\/portal\/wp-json\/wp\/v2\/posts\/6737\/revisions"}],"wp:attachment":[{"href":"https:\/\/www.crea-mt.org.br\/portal\/wp-json\/wp\/v2\/media?parent=6737"}],"wp:term":[{"taxonomy":"category","embeddable":true,"href":"https:\/\/www.crea-mt.org.br\/portal\/wp-json\/wp\/v2\/categories?post=6737"},{"taxonomy":"post_tag","embeddable":true,"href":"https:\/\/www.crea-mt.org.br\/portal\/wp-json\/wp\/v2\/tags?post=6737"}],"curies":[{"name":"wp","href":"https:\/\/api.w.org\/{rel}","templated":true}]}}