{"id":6736,"date":"2007-04-23T00:00:00","date_gmt":"2007-04-23T03:00:00","guid":{"rendered":"https:\/\/crea-mt.org.br\/portal\/interior-do-amazonas-sob-dominio-estrangeiro\/"},"modified":"2007-04-23T00:00:00","modified_gmt":"2007-04-23T03:00:00","slug":"interior-do-amazonas-sob-dominio-estrangeiro","status":"publish","type":"post","link":"https:\/\/www.crea-mt.org.br\/portal\/interior-do-amazonas-sob-dominio-estrangeiro\/","title":{"rendered":"Interior do Amazonas sob dom\u00ednio estrangeiro"},"content":{"rendered":"<p>Fonte: Amazonas Em Tempo <\/p>\n<p>As longas dist\u00e2ncias entre os munic\u00edpios, aliadas \u00e0 falta de transporte eficiente (fluvial, a\u00e9reo e terrestre), al\u00e9m de infra-estrutura inadequada, como aus\u00eancia de comunica\u00e7\u00e3o (telefone e internet), ag\u00eancias banc\u00e1rias e at\u00e9 mesmo a diferen\u00e7a de fuso hor\u00e1rio e a baixa remunera\u00e7\u00e3o s\u00e3o fatores determinantes para que os m\u00e9dicos n\u00e3o se sintam atra\u00eddos em atuarem no interior do Amazonas.  Esta car\u00eancia acaba despertando nos m\u00e9dicos estrangeiros a oportunidade de conquistar uma vaga de trabalho e migraram para os munic\u00edpios do Estado.<\/p>\n<p>A declara\u00e7\u00e3o foi feita pela secret\u00e1ria executiva da Susam (Secretaria Estadual de Sa\u00fade), Eliane Feij\u00f3.  Ela falou ainda que a falta de interesse desses profissionais \u00e9 grave, pois a secretaria disp\u00f5e de dinheiro, mas n\u00e3o h\u00e1 demanda.  &#8220;Mais do que uma boa remunera\u00e7\u00e3o, o m\u00e9dico necessita tamb\u00e9m de estrutura para exercer uma atividade satisfat\u00f3ria.  A falta de estrutura t\u00e9cnica para exercer a especialidade desanima qualquer profissional que, ao fim de um ou dois anos, acaba deixando o interior para onde foi em busca de conciliar um bom trabalho, com remunera\u00e7\u00e3o digna e qualidade de vida&#8221;, explicou.<\/p>\n<p>Entretanto, a m\u00e9dica destacou que mesmo com sal\u00e1rios menores, os m\u00e9dicos brasileiros preferem atuar nos grandes centros, onde est\u00e3o localizadas as melhores cl\u00ednicas, hospitais, laborat\u00f3rios e centros de refer\u00eancia, possibilitando agregar informa\u00e7\u00f5es e fazer cursos que, geralmente, n\u00e3o s\u00e3o oferecidos no interior.<\/p>\n<p>&#8220;N\u00e3o \u00e9 apenas o sal\u00e1rio que importa, mas \u00e9 preciso garantir condi\u00e7\u00f5es de trabalho aliado \u00e0 reciclagem profissional.  Alguns m\u00e9dicos se queixam da falta de internet e ag\u00eancia banc\u00e1ria.  N\u00e3o adianta pagar R$ 30 mil, por exemplo, a ele se n\u00e3o tem como se deslocar, em casos de emerg\u00eancia, para a capital.  O Amazonas oferece condi\u00e7\u00f5es geogr\u00e1ficas desfavor\u00e1veis (seca, enchente), mas isso \u00e9 uma realidade e temos que trabalhar nessas condi\u00e7\u00f5es.  A Susam disp\u00f5e de recursos para oferecer ao m\u00e9dico, mas faltam profissionais interessados em ir para o interior&#8221;, lamentou.<\/p>\n<p>Eliane destaca que o desinteresse \u00e9 total, e a exemplo disso ela citou o processo seletivo oferecido pela Susam.  Ela informou que, de 61 munic\u00edpios, cinco n\u00e3o tiveram nenhum m\u00e9dicos inscritos: Amatur\u00e1, Itamarati, Japur\u00e1, Juta\u00ed e Tonantins, localizados no Alto Solim\u00f5es e Purus.  &#8220;De 246 vagas oferecidas no \u00faltimo concurso, em 2005, 107 n\u00e3o foram preenchidas&#8221;, observou.<\/p>\n","protected":false},"excerpt":{"rendered":"<p>Fonte: Amazonas Em Tempo As longas dist\u00e2ncias entre os munic\u00edpios, aliadas \u00e0 falta de transporte eficiente (fluvial, a\u00e9reo e terrestre), al\u00e9m de infra-estrutura inadequada, como aus\u00eancia de comunica\u00e7\u00e3o (telefone e internet), ag\u00eancias banc\u00e1rias e at\u00e9 mesmo a diferen\u00e7a de fuso hor\u00e1rio e a baixa remunera\u00e7\u00e3o s\u00e3o fatores determinantes para que os m\u00e9dicos n\u00e3o se sintam [&hellip;]<\/p>\n","protected":false},"author":1,"featured_media":0,"comment_status":"open","ping_status":"open","sticky":false,"template":"","format":"standard","meta":{"footnotes":""},"categories":[1],"tags":[],"class_list":["post-6736","post","type-post","status-publish","format-standard","hentry","category-noticias"],"acf":[],"_links":{"self":[{"href":"https:\/\/www.crea-mt.org.br\/portal\/wp-json\/wp\/v2\/posts\/6736","targetHints":{"allow":["GET"]}}],"collection":[{"href":"https:\/\/www.crea-mt.org.br\/portal\/wp-json\/wp\/v2\/posts"}],"about":[{"href":"https:\/\/www.crea-mt.org.br\/portal\/wp-json\/wp\/v2\/types\/post"}],"author":[{"embeddable":true,"href":"https:\/\/www.crea-mt.org.br\/portal\/wp-json\/wp\/v2\/users\/1"}],"replies":[{"embeddable":true,"href":"https:\/\/www.crea-mt.org.br\/portal\/wp-json\/wp\/v2\/comments?post=6736"}],"version-history":[{"count":0,"href":"https:\/\/www.crea-mt.org.br\/portal\/wp-json\/wp\/v2\/posts\/6736\/revisions"}],"wp:attachment":[{"href":"https:\/\/www.crea-mt.org.br\/portal\/wp-json\/wp\/v2\/media?parent=6736"}],"wp:term":[{"taxonomy":"category","embeddable":true,"href":"https:\/\/www.crea-mt.org.br\/portal\/wp-json\/wp\/v2\/categories?post=6736"},{"taxonomy":"post_tag","embeddable":true,"href":"https:\/\/www.crea-mt.org.br\/portal\/wp-json\/wp\/v2\/tags?post=6736"}],"curies":[{"name":"wp","href":"https:\/\/api.w.org\/{rel}","templated":true}]}}