{"id":66941,"date":"2025-12-03T16:36:35","date_gmt":"2025-12-03T20:36:35","guid":{"rendered":"https:\/\/www.crea-mt.org.br\/portal\/?p=66941"},"modified":"2025-12-03T16:36:35","modified_gmt":"2025-12-03T20:36:35","slug":"amaest-realiza-2a-edicao-do-congresso-engenharia-4-0-em-barra-do-garcas","status":"publish","type":"post","link":"https:\/\/www.crea-mt.org.br\/portal\/amaest-realiza-2a-edicao-do-congresso-engenharia-4-0-em-barra-do-garcas\/","title":{"rendered":"AMAEST realiza 2\u00aa edi\u00e7\u00e3o do Congresso Engenharia 4.0 em Barra do Gar\u00e7as"},"content":{"rendered":"<p data-start=\"243\" data-end=\"632\">Nos dias 27 e 28 de fevereiro, o Centro de Cultura Valdir Varj\u00e3o, em Barra do Gar\u00e7as, recebeu a 2\u00aa edi\u00e7\u00e3o do Congresso <em data-start=\"290\" data-end=\"306\">Engenharia 4.0, r<\/em>eunindo profissionais, estudantes, empres\u00e1rios do setor e autoridades locais. O evento foi promovido pela Associa\u00e7\u00e3o Mato-Grossense de Engenharia de Seguran\u00e7a do Trabalho (AMAEST ), com apoio do Crea-MT por meio do Edital de Chamamento P\u00fablico 001\/25.<\/p>\n<p data-start=\"634\" data-end=\"902\">Esta foi a primeira a\u00e7\u00e3o da entidade no munic\u00edpio, que marcou o in\u00edcio do novo ciclo de atividades t\u00e9cnicas que ser\u00e3o desenvolvidas pela AEVA \u2013 Associa\u00e7\u00e3o dos Engenheiros do Vale do Araguaia ao longo dos pr\u00f3ximos meses.<\/p>\n<p><img loading=\"lazy\" decoding=\"async\" class=\"aligncenter size-site-padrao wp-image-66814\" src=\"https:\/\/www.crea-mt.org.br\/portal\/wp-content\/uploads\/2025\/12\/WhatsApp-Image-2025-12-02-at-13.56.54-847x635.jpeg\" alt=\"\" width=\"847\" height=\"635\" srcset=\"https:\/\/www.crea-mt.org.br\/portal\/wp-content\/uploads\/2025\/12\/WhatsApp-Image-2025-12-02-at-13.56.54-847x635.jpeg 847w, https:\/\/www.crea-mt.org.br\/portal\/wp-content\/uploads\/2025\/12\/WhatsApp-Image-2025-12-02-at-13.56.54-768x576.jpeg 768w, https:\/\/www.crea-mt.org.br\/portal\/wp-content\/uploads\/2025\/12\/WhatsApp-Image-2025-12-02-at-13.56.54-1536x1152.jpeg 1536w, https:\/\/www.crea-mt.org.br\/portal\/wp-content\/uploads\/2025\/12\/WhatsApp-Image-2025-12-02-at-13.56.54-2048x1536.jpeg 2048w, https:\/\/www.crea-mt.org.br\/portal\/wp-content\/uploads\/2025\/12\/WhatsApp-Image-2025-12-02-at-13.56.54-543x407.jpeg 543w, https:\/\/www.crea-mt.org.br\/portal\/wp-content\/uploads\/2025\/12\/WhatsApp-Image-2025-12-02-at-13.56.54-336x252.jpeg 336w\" sizes=\"auto, (max-width: 847px) 100vw, 847px\" \/><\/p>\n<p data-start=\"904\" data-end=\"1267\">A mesa de abertura contou com o presidente da AMAEST, Eng. Frederico Mansur Gaiva; o representante do Crea-MT, Eng. Civil Lincoln Heimar Saggin Sobrinho; o representante da Secretaria Municipal de Desenvolvimento Urbano e Sustent\u00e1vel, Ygor Cardoso; o representante da Secretaria Municipal de Cultura, Edson Araujo; e o presidente da AEVA, Cristiano Reges Esteves.<\/p>\n<p data-start=\"1269\" data-end=\"1492\">A programa\u00e7\u00e3o t\u00e9cnica foi conduzida pelo Prof. Dr. Ruy de Oliveira, docente do IFMT e especialista em sistemas inteligentes, IA e automa\u00e7\u00e3o.<\/p>\n<p data-start=\"1494\" data-end=\"1916\">Na primeira palestra, \u201cSeguran\u00e7a 4.0: Oportunidades da Intelig\u00eancia Artificial na Preven\u00e7\u00e3o de Acidentes\u201d, foram apresentados avan\u00e7os como sensores IoT, aplica\u00e7\u00f5es de IA em an\u00e1lise preditiva de riscos, EPIs conectados, simula\u00e7\u00f5es em realidade virtual e uso de rob\u00f4s em tarefas cr\u00edticas. O professor destacou que a intelig\u00eancia artificial se torna um \u201csexto sentido da seguran\u00e7a\u201d, capaz de antecipar situa\u00e7\u00f5es de risco.<\/p>\n<figure id=\"attachment_66816\"  class=\"figure aligncenter\" style=\"width: 857px;\"><img loading=\"lazy\" decoding=\"async\" class=\"wp-image-66816 size-site-padrao\" src=\"https:\/\/www.crea-mt.org.br\/portal\/wp-content\/uploads\/2025\/12\/WhatsApp-Image-2025-12-02-at-13.56.56-847x1129.jpeg\" alt=\"\" width=\"847\" height=\"1129\" srcset=\"https:\/\/www.crea-mt.org.br\/portal\/wp-content\/uploads\/2025\/12\/WhatsApp-Image-2025-12-02-at-13.56.56-847x1129.jpeg 847w, https:\/\/www.crea-mt.org.br\/portal\/wp-content\/uploads\/2025\/12\/WhatsApp-Image-2025-12-02-at-13.56.56-768x1024.jpeg 768w, https:\/\/www.crea-mt.org.br\/portal\/wp-content\/uploads\/2025\/12\/WhatsApp-Image-2025-12-02-at-13.56.56-1152x1536.jpeg 1152w, https:\/\/www.crea-mt.org.br\/portal\/wp-content\/uploads\/2025\/12\/WhatsApp-Image-2025-12-02-at-13.56.56-1536x2048.jpeg 1536w, https:\/\/www.crea-mt.org.br\/portal\/wp-content\/uploads\/2025\/12\/WhatsApp-Image-2025-12-02-at-13.56.56-543x724.jpeg 543w, https:\/\/www.crea-mt.org.br\/portal\/wp-content\/uploads\/2025\/12\/WhatsApp-Image-2025-12-02-at-13.56.56-336x448.jpeg 336w, https:\/\/www.crea-mt.org.br\/portal\/wp-content\/uploads\/2025\/12\/WhatsApp-Image-2025-12-02-at-13.56.56-scaled.jpeg 1920w\" sizes=\"auto, (max-width: 847px) 100vw, 847px\" \/><figcaption class=\"figure-caption\">Prof. Dr. Ruy de Oliveira<\/figcaption><\/figure>\n<p data-start=\"1918\" data-end=\"2346\">A segunda palestra, \u201cEngenharia com Prop\u00f3sito: Solu\u00e7\u00f5es Sustent\u00e1veis, Seguras e Inovadoras no S\u00e9culo XXI\u201d, abordou temas como economia circular, BIM, digital twins, energia renov\u00e1vel, smart grids, mobilidade urbana inteligente e projetos sustent\u00e1veis. O conte\u00fado refor\u00e7ou o papel do engenheiro contempor\u00e2neo como profissional multidisciplinar, preparado para integrar tecnologia, responsabilidade ambiental e impacto social.<\/p>\n<h3>Edital de Chamamento P\u00fablico<\/h3>\n<p>O Congresso <em data-start=\"290\" data-end=\"306\">Engenharia 4.0\u00a0<\/em> foi realizado com recursos do Edital de Chamamento P\u00fablico n\u00ba 001\/2025, promovido pelo Conselho Regional de Engenharia e Agronomia de Mato Grosso. O edital tem como objetivo apoiar projetos desenvolvidos pelas entidades de classe registradas no conselho, fortalecendo a valoriza\u00e7\u00e3o profissional, a qualifica\u00e7\u00e3o t\u00e9cnica e o desenvolvimento das engenharias, agronomia e geoci\u00eancias em Mato Grosso.<\/p>\n<p>&nbsp;<\/p>\n<h5>Assessoria de Comunica\u00e7\u00e3o do Crea-MT<\/h5>\n","protected":false},"excerpt":{"rendered":"<p>Nos dias 27 e 28 de fevereiro, o Centro de Cultura Valdir Varj\u00e3o, em Barra do Gar\u00e7as, recebeu a 2\u00aa edi\u00e7\u00e3o do Congresso Engenharia 4.0, reunindo profissionais, estudantes, empres\u00e1rios do setor e autoridades locais. O evento foi promovido pela Associa\u00e7\u00e3o Mato-Grossense de Engenharia de Seguran\u00e7a do Trabalho (AMAEST ), com apoio do Crea-MT por meio [&hellip;]<\/p>\n","protected":false},"author":2,"featured_media":66814,"comment_status":"closed","ping_status":"closed","sticky":false,"template":"","format":"standard","meta":{"footnotes":""},"categories":[1],"tags":[],"class_list":["post-66941","post","type-post","status-publish","format-standard","has-post-thumbnail","hentry","category-noticias"],"acf":[],"_links":{"self":[{"href":"https:\/\/www.crea-mt.org.br\/portal\/wp-json\/wp\/v2\/posts\/66941","targetHints":{"allow":["GET"]}}],"collection":[{"href":"https:\/\/www.crea-mt.org.br\/portal\/wp-json\/wp\/v2\/posts"}],"about":[{"href":"https:\/\/www.crea-mt.org.br\/portal\/wp-json\/wp\/v2\/types\/post"}],"author":[{"embeddable":true,"href":"https:\/\/www.crea-mt.org.br\/portal\/wp-json\/wp\/v2\/users\/2"}],"replies":[{"embeddable":true,"href":"https:\/\/www.crea-mt.org.br\/portal\/wp-json\/wp\/v2\/comments?post=66941"}],"version-history":[{"count":1,"href":"https:\/\/www.crea-mt.org.br\/portal\/wp-json\/wp\/v2\/posts\/66941\/revisions"}],"predecessor-version":[{"id":66942,"href":"https:\/\/www.crea-mt.org.br\/portal\/wp-json\/wp\/v2\/posts\/66941\/revisions\/66942"}],"wp:featuredmedia":[{"embeddable":true,"href":"https:\/\/www.crea-mt.org.br\/portal\/wp-json\/wp\/v2\/media\/66814"}],"wp:attachment":[{"href":"https:\/\/www.crea-mt.org.br\/portal\/wp-json\/wp\/v2\/media?parent=66941"}],"wp:term":[{"taxonomy":"category","embeddable":true,"href":"https:\/\/www.crea-mt.org.br\/portal\/wp-json\/wp\/v2\/categories?post=66941"},{"taxonomy":"post_tag","embeddable":true,"href":"https:\/\/www.crea-mt.org.br\/portal\/wp-json\/wp\/v2\/tags?post=66941"}],"curies":[{"name":"wp","href":"https:\/\/api.w.org\/{rel}","templated":true}]}}