{"id":66770,"date":"2025-12-01T17:31:59","date_gmt":"2025-12-01T21:31:59","guid":{"rendered":"https:\/\/www.crea-mt.org.br\/portal\/?p=66770"},"modified":"2025-12-02T08:33:33","modified_gmt":"2025-12-02T12:33:33","slug":"crea-mt-informa-sobre-alteracao-de-datas-premio-arara","status":"publish","type":"post","link":"https:\/\/www.crea-mt.org.br\/portal\/crea-mt-informa-sobre-alteracao-de-datas-premio-arara\/","title":{"rendered":"Crea-MT informa sobre altera\u00e7\u00e3o de datas \u2013 PR\u00caMIO ARARA"},"content":{"rendered":"<p data-start=\"176\" data-end=\"418\">O Conselho Regional de Engenharia e Agronomia de Mato Grosso (Crea-MT) informa que houve atualiza\u00e7\u00e3o no cronograma oficial do <strong data-start=\"302\" data-end=\"345\">Pr\u00eamio Arara \u2013 Iniciativas Sustent\u00e1veis.<\/strong><\/p>\n<p data-start=\"420\" data-end=\"564\">O resultado final, antes previsto para o dia <strong data-start=\"469\" data-end=\"495\">1\u00ba de dezembro de 2025<\/strong>, ser\u00e1 divulgado no dia <strong data-start=\"519\" data-end=\"544\">2 de dezembro de 2025<\/strong> no site do Crea-MT.<\/p>\n<p data-start=\"566\" data-end=\"734\">A cerim\u00f4nia de premia\u00e7\u00e3o, que estava marcada para <strong data-start=\"620\" data-end=\"646\">17 de dezembro de 2025<\/strong>, foi <strong data-start=\"652\" data-end=\"700\">antecipada para o dia 11 de dezembro de 2025<\/strong>. O local ser\u00e1 divulgado em breve.<\/p>\n<p data-start=\"736\" data-end=\"943\">As demais etapas permanecem inalteradas. O Pr\u00eamio Arara reconhece iniciativas que promovem preserva\u00e7\u00e3o, recupera\u00e7\u00e3o e inova\u00e7\u00e3o em sustentabilidade, envolvendo profissionais, institui\u00e7\u00f5es e a sociedade civil.<\/p>\n<p data-start=\"945\" data-end=\"1051\">\u00a0Acesse o <a href=\"https:\/\/www.crea-mt.org.br\/portal\/wp-content\/uploads\/2025\/07\/Regulamento-Premio-Arara-Azul-1.pdf\">regulamento da premia\u00e7\u00e3o.<\/a><\/p>\n","protected":false},"excerpt":{"rendered":"<p>O Conselho Regional de Engenharia e Agronomia de Mato Grosso (Crea-MT) informa que houve atualiza\u00e7\u00e3o no cronograma oficial do Pr\u00eamio Arara \u2013 Iniciativas Sustent\u00e1veis. O resultado final, antes previsto para o dia 1\u00ba de dezembro de 2025, ser\u00e1 divulgado no dia 2 de dezembro de 2025 no site do Crea-MT. A cerim\u00f4nia de premia\u00e7\u00e3o, que [&hellip;]<\/p>\n","protected":false},"author":2,"featured_media":58348,"comment_status":"closed","ping_status":"closed","sticky":false,"template":"","format":"standard","meta":{"footnotes":""},"categories":[1],"tags":[],"class_list":["post-66770","post","type-post","status-publish","format-standard","has-post-thumbnail","hentry","category-noticias"],"acf":[],"_links":{"self":[{"href":"https:\/\/www.crea-mt.org.br\/portal\/wp-json\/wp\/v2\/posts\/66770","targetHints":{"allow":["GET"]}}],"collection":[{"href":"https:\/\/www.crea-mt.org.br\/portal\/wp-json\/wp\/v2\/posts"}],"about":[{"href":"https:\/\/www.crea-mt.org.br\/portal\/wp-json\/wp\/v2\/types\/post"}],"author":[{"embeddable":true,"href":"https:\/\/www.crea-mt.org.br\/portal\/wp-json\/wp\/v2\/users\/2"}],"replies":[{"embeddable":true,"href":"https:\/\/www.crea-mt.org.br\/portal\/wp-json\/wp\/v2\/comments?post=66770"}],"version-history":[{"count":2,"href":"https:\/\/www.crea-mt.org.br\/portal\/wp-json\/wp\/v2\/posts\/66770\/revisions"}],"predecessor-version":[{"id":66780,"href":"https:\/\/www.crea-mt.org.br\/portal\/wp-json\/wp\/v2\/posts\/66770\/revisions\/66780"}],"wp:featuredmedia":[{"embeddable":true,"href":"https:\/\/www.crea-mt.org.br\/portal\/wp-json\/wp\/v2\/media\/58348"}],"wp:attachment":[{"href":"https:\/\/www.crea-mt.org.br\/portal\/wp-json\/wp\/v2\/media?parent=66770"}],"wp:term":[{"taxonomy":"category","embeddable":true,"href":"https:\/\/www.crea-mt.org.br\/portal\/wp-json\/wp\/v2\/categories?post=66770"},{"taxonomy":"post_tag","embeddable":true,"href":"https:\/\/www.crea-mt.org.br\/portal\/wp-json\/wp\/v2\/tags?post=66770"}],"curies":[{"name":"wp","href":"https:\/\/api.w.org\/{rel}","templated":true}]}}