{"id":65921,"date":"2025-11-05T17:04:47","date_gmt":"2025-11-05T21:04:47","guid":{"rendered":"https:\/\/www.crea-mt.org.br\/portal\/?p=65921"},"modified":"2025-11-05T17:06:31","modified_gmt":"2025-11-05T21:06:31","slug":"profissionais-renomados-compartilham-experiencias-na-5a-rodada-de-entrevistas-profissionais-da-aeagro","status":"publish","type":"post","link":"https:\/\/www.crea-mt.org.br\/portal\/profissionais-renomados-compartilham-experiencias-na-5a-rodada-de-entrevistas-profissionais-da-aeagro\/","title":{"rendered":"Profissionais renomados compartilham experi\u00eancias na 5\u00aa Rodada de Entrevistas Profissionais da AEAGRO"},"content":{"rendered":"<p><img loading=\"lazy\" decoding=\"async\" class=\"aligncenter size-site-padrao wp-image-65913\" src=\"https:\/\/www.crea-mt.org.br\/portal\/wp-content\/uploads\/2025\/11\/WhatsApp-Image-2025-11-03-at-15.05.34-2-847x635.jpeg\" alt=\"\" width=\"847\" height=\"635\" srcset=\"https:\/\/www.crea-mt.org.br\/portal\/wp-content\/uploads\/2025\/11\/WhatsApp-Image-2025-11-03-at-15.05.34-2-847x635.jpeg 847w, https:\/\/www.crea-mt.org.br\/portal\/wp-content\/uploads\/2025\/11\/WhatsApp-Image-2025-11-03-at-15.05.34-2-768x576.jpeg 768w, https:\/\/www.crea-mt.org.br\/portal\/wp-content\/uploads\/2025\/11\/WhatsApp-Image-2025-11-03-at-15.05.34-2-1536x1152.jpeg 1536w, https:\/\/www.crea-mt.org.br\/portal\/wp-content\/uploads\/2025\/11\/WhatsApp-Image-2025-11-03-at-15.05.34-2-543x407.jpeg 543w, https:\/\/www.crea-mt.org.br\/portal\/wp-content\/uploads\/2025\/11\/WhatsApp-Image-2025-11-03-at-15.05.34-2-336x252.jpeg 336w, https:\/\/www.crea-mt.org.br\/portal\/wp-content\/uploads\/2025\/11\/WhatsApp-Image-2025-11-03-at-15.05.34-2.jpeg 1600w\" sizes=\"auto, (max-width: 847px) 100vw, 847px\" \/><\/p>\n<p>&nbsp;<\/p>\n<p>Profissionais renomados da \u00e1rea de agronomia compartilharam experi\u00eancias na 5\u00aa Rodada de Entrevistas Profissionais da Associa\u00e7\u00e3o dos Engenheiros Agr\u00f4nomos da Grande Rondon\u00f3polis (AEAGRO), realizada no dia 31 de outubro de forma online. O evento foi promovido atrav\u00e9s do Edital de Chamamento P\u00fablico n\u00ba 001\/2025 do Conselho Regional de Engenharia e Agronomia de Mato Grosso (Crea-MT).<\/p>\n<p>O evento contou com a presen\u00e7a de tr\u00eas profissionais de destaque do setor agr\u00edcola, que compartilharam suas experi\u00eancias acad\u00eamicas e trajet\u00f3rias de sucesso no agroneg\u00f3cio. Para o presidente da Associa\u00e7\u00e3o, eng. agr\u00f4nomo S\u00e9rgio Carvalho, o objetivo do evento \u00e9 levar as dificuldades e viv\u00eancias dos profissionais, j\u00e1 que a \u00e1rea da agronomia possui um leque muito amplo de mercado.<\/p>\n<p>&#8220;Na Rodada de Entrevistas n\u00f3s pegamos profissionais da \u00e1rea de agronomia que trabalham em diversos campos. Eles relatam o motivo de fazerem agronomia, por qu\u00ea escolheu a \u00e1rea, como elas chegaram a cargos grandes e as dificuldades para chegar nesses cargos. O engenheiro agr\u00f4nomo tem um leque de op\u00e7\u00f5es e oportunidades para trabalhar, como sementes, laborat\u00f3rio, extens\u00e3o, comercial e at\u00e9 mesmo lecionar, ser professor&#8221;, disse.<\/p>\n<p>&nbsp;<\/p>\n<figure id=\"attachment_65908\"  class=\"figure aligncenter\" style=\"width: 857px;\"><img loading=\"lazy\" decoding=\"async\" class=\"wp-image-65908 size-site-padrao\" src=\"https:\/\/www.crea-mt.org.br\/portal\/wp-content\/uploads\/2025\/11\/WhatsApp-Image-2025-11-03-at-15.02.48-847x635.jpeg\" alt=\"\" width=\"847\" height=\"635\" srcset=\"https:\/\/www.crea-mt.org.br\/portal\/wp-content\/uploads\/2025\/11\/WhatsApp-Image-2025-11-03-at-15.02.48-847x635.jpeg 847w, https:\/\/www.crea-mt.org.br\/portal\/wp-content\/uploads\/2025\/11\/WhatsApp-Image-2025-11-03-at-15.02.48-768x576.jpeg 768w, https:\/\/www.crea-mt.org.br\/portal\/wp-content\/uploads\/2025\/11\/WhatsApp-Image-2025-11-03-at-15.02.48-1536x1152.jpeg 1536w, https:\/\/www.crea-mt.org.br\/portal\/wp-content\/uploads\/2025\/11\/WhatsApp-Image-2025-11-03-at-15.02.48-543x407.jpeg 543w, https:\/\/www.crea-mt.org.br\/portal\/wp-content\/uploads\/2025\/11\/WhatsApp-Image-2025-11-03-at-15.02.48-336x252.jpeg 336w, https:\/\/www.crea-mt.org.br\/portal\/wp-content\/uploads\/2025\/11\/WhatsApp-Image-2025-11-03-at-15.02.48.jpeg 1600w\" sizes=\"auto, (max-width: 847px) 100vw, 847px\" \/><figcaption class=\"figure-caption\">5\u00aa Rodada de Entrevistas foi realizada de forma online | Foto: AEAGRO<\/figcaption><\/figure>\n<p>&nbsp;<\/p>\n<p>O presidente ainda destacou que neste ano, a AEAGRO j\u00e1 realizou o 11\u00b0 Ciclo de Palestras para profissionais e estudantes e que o objetivo da entidade \u00e9 estar sempre pr\u00f3ximo das universidades para levar as a\u00e7\u00f5es do Conselho e facilitar o acesso do rec\u00e9m-formado a solicitar o registro profissional.<\/p>\n<p>&#8220;Esse \u00e9 o objetivo da AEAGRO, levar informa\u00e7\u00e3o para os formandos de agronomia e sempre estar juntos e dentro das universidades. \u00c9 ajudar, agregar, levar o Crea para dentro das faculdades, ent\u00e3o em todas as palestras que fazemos falamos do Crea, como que funciona, as a\u00e7\u00f5es. Quanto mais pr\u00f3ximo a gente leva o Crea aos estudantes e futuros profissionais, fica mais f\u00e1cil para a forma\u00e7\u00e3o dele, tirar o registro, saber como funciona a entidade, o que buscar, como ela defende o profissional e a qualifica\u00e7\u00e3o tamb\u00e9m que as entidades levam&#8221;, finalizou.<\/p>\n<p>Participaram da Rodada de Entrevistas, o engenheiro agr\u00f4nomo, Dr. em Ci\u00eancia e Tecnologia de Sementes (UFPel), Respons\u00e1vel T\u00e9cnico e Coordenador T\u00e9cnico da APROSMAT de Rondon\u00f3polis, Suemar Alexandre Avelar, que trouxe sua experi\u00eancia na gest\u00e3o de laborat\u00f3rios, pesquisa, qualidade de sementes e inova\u00e7\u00e3o tecnol\u00f3gica.<\/p>\n<p>&nbsp;<\/p>\n<figure id=\"attachment_65915\"  class=\"figure aligncenter\" style=\"width: 857px;\"><img loading=\"lazy\" decoding=\"async\" class=\"wp-image-65915 size-site-padrao\" src=\"https:\/\/www.crea-mt.org.br\/portal\/wp-content\/uploads\/2025\/11\/WhatsApp-Image-2025-11-03-at-15.05.34-847x635.jpeg\" alt=\"\" width=\"847\" height=\"635\" srcset=\"https:\/\/www.crea-mt.org.br\/portal\/wp-content\/uploads\/2025\/11\/WhatsApp-Image-2025-11-03-at-15.05.34-847x635.jpeg 847w, https:\/\/www.crea-mt.org.br\/portal\/wp-content\/uploads\/2025\/11\/WhatsApp-Image-2025-11-03-at-15.05.34-768x576.jpeg 768w, https:\/\/www.crea-mt.org.br\/portal\/wp-content\/uploads\/2025\/11\/WhatsApp-Image-2025-11-03-at-15.05.34-1536x1152.jpeg 1536w, https:\/\/www.crea-mt.org.br\/portal\/wp-content\/uploads\/2025\/11\/WhatsApp-Image-2025-11-03-at-15.05.34-543x407.jpeg 543w, https:\/\/www.crea-mt.org.br\/portal\/wp-content\/uploads\/2025\/11\/WhatsApp-Image-2025-11-03-at-15.05.34-336x252.jpeg 336w, https:\/\/www.crea-mt.org.br\/portal\/wp-content\/uploads\/2025\/11\/WhatsApp-Image-2025-11-03-at-15.05.34.jpeg 1600w\" sizes=\"auto, (max-width: 847px) 100vw, 847px\" \/><figcaption class=\"figure-caption\">Evento trouxe especialistas da \u00e1rea para compartilhar experi\u00eancias profissionais | Foto: AEAGRO<\/figcaption><\/figure>\n<p>&nbsp;<\/p>\n<p>Em seguida, a engenheira agr\u00f4noma, doutora em Agricultura Tropical e professora na Universidade Federal de Rondon\u00f3polis (UFR), Glauce Portela de Oliveira, compartilhou sua trajet\u00f3ria acad\u00eamica e profissional, abordando os desafios e oportunidades da doc\u00eancia e da pesquisa na \u00e1rea agr\u00edcola.<\/p>\n<p>Para finalizar, o Engenheiro Agr\u00f4nomo pela Universidade Federal de Mato Grosso (UFMT), com especializa\u00e7\u00e3o em Gest\u00e3o do Agroneg\u00f3cio (FGV) e MBA em Lideran\u00e7a (Dom Cabral) e Diretor de Neg\u00f3cios da Bayer, Evanil Rondon, compartilhou sua ampla experi\u00eancia no setor privado, e relatou a jornada profissional desde a base t\u00e9cnica at\u00e9 a lideran\u00e7a estrat\u00e9gica em uma das maiores empresas do agro mundial.<\/p>\n<p style=\"font-weight: 400;\">Todo o evento foi transmitido de forma online atrav\u00e9s do canal do Youtube da AEAGRO, para rever as entrevistas \u00e9 s\u00f3 acessar o <a href=\"https:\/\/www.youtube.com\/watch?v=AYY-2ET5IjM\">link<\/a>.<\/p>\n<p>Confira a Galeria de Fotos do evento<a href=\"https:\/\/www.crea-mt.org.br\/portal\/galerias\/ciclo-de-palestras-online-aeagro\/\"> aqui<\/a>.<\/p>\n<p>&nbsp;<\/p>\n<p>&nbsp;<\/p>\n<p style=\"font-weight: 400;\"><strong>Texto: Assessoria de Comunica\u00e7\u00e3o do Crea-MT<\/strong><\/p>\n","protected":false},"excerpt":{"rendered":"<p>&nbsp; Profissionais renomados da \u00e1rea de agronomia compartilharam experi\u00eancias na 5\u00aa Rodada de Entrevistas Profissionais da Associa\u00e7\u00e3o dos Engenheiros Agr\u00f4nomos da Grande Rondon\u00f3polis (AEAGRO), realizada no dia 31 de outubro de forma online. O evento foi promovido atrav\u00e9s do Edital de Chamamento P\u00fablico n\u00ba 001\/2025 do Conselho Regional de Engenharia e Agronomia de Mato Grosso [&hellip;]<\/p>\n","protected":false},"author":2,"featured_media":65913,"comment_status":"closed","ping_status":"closed","sticky":false,"template":"","format":"standard","meta":{"footnotes":""},"categories":[1],"tags":[],"class_list":["post-65921","post","type-post","status-publish","format-standard","has-post-thumbnail","hentry","category-noticias"],"acf":[],"_links":{"self":[{"href":"https:\/\/www.crea-mt.org.br\/portal\/wp-json\/wp\/v2\/posts\/65921","targetHints":{"allow":["GET"]}}],"collection":[{"href":"https:\/\/www.crea-mt.org.br\/portal\/wp-json\/wp\/v2\/posts"}],"about":[{"href":"https:\/\/www.crea-mt.org.br\/portal\/wp-json\/wp\/v2\/types\/post"}],"author":[{"embeddable":true,"href":"https:\/\/www.crea-mt.org.br\/portal\/wp-json\/wp\/v2\/users\/2"}],"replies":[{"embeddable":true,"href":"https:\/\/www.crea-mt.org.br\/portal\/wp-json\/wp\/v2\/comments?post=65921"}],"version-history":[{"count":7,"href":"https:\/\/www.crea-mt.org.br\/portal\/wp-json\/wp\/v2\/posts\/65921\/revisions"}],"predecessor-version":[{"id":65929,"href":"https:\/\/www.crea-mt.org.br\/portal\/wp-json\/wp\/v2\/posts\/65921\/revisions\/65929"}],"wp:featuredmedia":[{"embeddable":true,"href":"https:\/\/www.crea-mt.org.br\/portal\/wp-json\/wp\/v2\/media\/65913"}],"wp:attachment":[{"href":"https:\/\/www.crea-mt.org.br\/portal\/wp-json\/wp\/v2\/media?parent=65921"}],"wp:term":[{"taxonomy":"category","embeddable":true,"href":"https:\/\/www.crea-mt.org.br\/portal\/wp-json\/wp\/v2\/categories?post=65921"},{"taxonomy":"post_tag","embeddable":true,"href":"https:\/\/www.crea-mt.org.br\/portal\/wp-json\/wp\/v2\/tags?post=65921"}],"curies":[{"name":"wp","href":"https:\/\/api.w.org\/{rel}","templated":true}]}}