{"id":64565,"date":"2025-09-30T11:04:28","date_gmt":"2025-09-30T15:04:28","guid":{"rendered":"https:\/\/www.crea-mt.org.br\/portal\/?p=64565"},"modified":"2025-09-30T11:05:03","modified_gmt":"2025-09-30T15:05:03","slug":"crea-mt-informa-sobre-indisponibilidade-do-sistema-ecrea-nos-dias-04-e-05-de-outubro","status":"publish","type":"post","link":"https:\/\/www.crea-mt.org.br\/portal\/crea-mt-informa-sobre-indisponibilidade-do-sistema-ecrea-nos-dias-04-e-05-de-outubro\/","title":{"rendered":"Crea-MT informa sobre indisponibilidade do sistema eCrea nos dias 04 e 05 de outubro"},"content":{"rendered":"<p><img loading=\"lazy\" decoding=\"async\" class=\"size-site-padrao wp-image-58348\" src=\"https:\/\/www.crea-mt.org.br\/portal\/wp-content\/uploads\/2025\/04\/Template-feed-Retrato-21-e1744900034468-847x387.png\" alt=\"\" width=\"847\" height=\"387\" srcset=\"https:\/\/www.crea-mt.org.br\/portal\/wp-content\/uploads\/2025\/04\/Template-feed-Retrato-21-e1744900034468-847x387.png 847w, https:\/\/www.crea-mt.org.br\/portal\/wp-content\/uploads\/2025\/04\/Template-feed-Retrato-21-e1744900034468-768x351.png 768w, https:\/\/www.crea-mt.org.br\/portal\/wp-content\/uploads\/2025\/04\/Template-feed-Retrato-21-e1744900034468-543x248.png 543w, https:\/\/www.crea-mt.org.br\/portal\/wp-content\/uploads\/2025\/04\/Template-feed-Retrato-21-e1744900034468-336x153.png 336w, https:\/\/www.crea-mt.org.br\/portal\/wp-content\/uploads\/2025\/04\/Template-feed-Retrato-21-e1744900034468-360x164.png 360w, https:\/\/www.crea-mt.org.br\/portal\/wp-content\/uploads\/2025\/04\/Template-feed-Retrato-21-e1744900034468-1024x467.png 1024w, https:\/\/www.crea-mt.org.br\/portal\/wp-content\/uploads\/2025\/04\/Template-feed-Retrato-21-e1744900034468.png 1080w\" sizes=\"auto, (max-width: 847px) 100vw, 847px\" \/><\/p>\n<p>A Gerencia de Tecnologia da Informa\u00e7\u00e3o do Conselho Regional de Engenharia e Agronomia de Mato Grosso (Crea-MT) informa que o sistema eCrea passar\u00e1 por manuten\u00e7\u00e3o programada nos dias 04 (s\u00e1bado) e 05 (domingo) de outubro.<\/p>\n<p>O objetivo \u00e9 implementar o novo m\u00f3dulo financeiro e aplicar atualiza\u00e7\u00f5es que exigem a<strong> interrup\u00e7\u00e3o tempor\u00e1ria<\/strong> do acesso ao sistema.<\/p>\n<p>Essas melhorias s\u00e3o fundamentais para garantir maior desempenho, seguran\u00e7a e estabilidade da plataforma.<\/p>\n<p>Agradecemos a compreens\u00e3o.<\/p>\n<p>&nbsp;<\/p>\n<p><strong>Texto: Assessoria de Comunica\u00e7\u00e3o do Crea-MT<\/strong><\/p>\n<p>&nbsp;<\/p>\n","protected":false},"excerpt":{"rendered":"<p>A Gerencia de Tecnologia da Informa\u00e7\u00e3o do Conselho Regional de Engenharia e Agronomia de Mato Grosso (Crea-MT) informa que o sistema eCrea passar\u00e1 por manuten\u00e7\u00e3o programada nos dias 04 (s\u00e1bado) e 05 (domingo) de outubro. O objetivo \u00e9 implementar o novo m\u00f3dulo financeiro e aplicar atualiza\u00e7\u00f5es que exigem a interrup\u00e7\u00e3o tempor\u00e1ria do acesso ao sistema. [&hellip;]<\/p>\n","protected":false},"author":2,"featured_media":58348,"comment_status":"closed","ping_status":"closed","sticky":false,"template":"","format":"standard","meta":{"footnotes":""},"categories":[1],"tags":[],"class_list":["post-64565","post","type-post","status-publish","format-standard","has-post-thumbnail","hentry","category-noticias"],"acf":[],"_links":{"self":[{"href":"https:\/\/www.crea-mt.org.br\/portal\/wp-json\/wp\/v2\/posts\/64565","targetHints":{"allow":["GET"]}}],"collection":[{"href":"https:\/\/www.crea-mt.org.br\/portal\/wp-json\/wp\/v2\/posts"}],"about":[{"href":"https:\/\/www.crea-mt.org.br\/portal\/wp-json\/wp\/v2\/types\/post"}],"author":[{"embeddable":true,"href":"https:\/\/www.crea-mt.org.br\/portal\/wp-json\/wp\/v2\/users\/2"}],"replies":[{"embeddable":true,"href":"https:\/\/www.crea-mt.org.br\/portal\/wp-json\/wp\/v2\/comments?post=64565"}],"version-history":[{"count":3,"href":"https:\/\/www.crea-mt.org.br\/portal\/wp-json\/wp\/v2\/posts\/64565\/revisions"}],"predecessor-version":[{"id":64569,"href":"https:\/\/www.crea-mt.org.br\/portal\/wp-json\/wp\/v2\/posts\/64565\/revisions\/64569"}],"wp:featuredmedia":[{"embeddable":true,"href":"https:\/\/www.crea-mt.org.br\/portal\/wp-json\/wp\/v2\/media\/58348"}],"wp:attachment":[{"href":"https:\/\/www.crea-mt.org.br\/portal\/wp-json\/wp\/v2\/media?parent=64565"}],"wp:term":[{"taxonomy":"category","embeddable":true,"href":"https:\/\/www.crea-mt.org.br\/portal\/wp-json\/wp\/v2\/categories?post=64565"},{"taxonomy":"post_tag","embeddable":true,"href":"https:\/\/www.crea-mt.org.br\/portal\/wp-json\/wp\/v2\/tags?post=64565"}],"curies":[{"name":"wp","href":"https:\/\/api.w.org\/{rel}","templated":true}]}}