{"id":53747,"date":"2024-05-21T16:34:44","date_gmt":"2024-05-21T20:34:44","guid":{"rendered":"https:\/\/www.crea-mt.org.br\/portal\/?p=53747"},"modified":"2024-05-21T16:35:08","modified_gmt":"2024-05-21T20:35:08","slug":"gestao-risco-de-desastre-bacias-hidrograficas","status":"publish","type":"post","link":"https:\/\/www.crea-mt.org.br\/portal\/gestao-risco-de-desastre-bacias-hidrograficas\/","title":{"rendered":"Gest\u00e3o Risco de Desastre: Bacias Hidrogr\u00e1ficas"},"content":{"rendered":"<p>A gest\u00e3o de bacias hidrogr\u00e1ficas se torna ainda mais crucial diante dos recentes desastres causados pelas chuvas no Rio Grande do Sul, os quais t\u00eam servido como alerta para todo o Brasil.<\/p>\n<p>A necessidade urgente de implementar medidas eficazes de preven\u00e7\u00e3o e gest\u00e3o de desastres em todo o pa\u00eds \u00e9 evidente, considerando que enchentes e inunda\u00e7\u00f5es, inc\u00eandios florestais e per\u00edodos de seca representam amea\u00e7as significativas para as comunidades, resultando em danos materiais, perdas humanas e impactos ambientais.<\/p>\n<p>\u00c9 importante ressaltar que todos esses eventos ocorrem dentro das bacias hidrogr\u00e1ficas, evidencia ainda mais a import\u00e2ncia de uma abordagem integrada na gest\u00e3o dessas \u00e1reas para mitigar os riscos e proteger as popula\u00e7\u00f5es afetadas. A bacia hidrogr\u00e1fica pode ser considerada como a unidade de controle para as entradas e sa\u00eddas de fluxos cont\u00ednuos de materiais, essencial para a gest\u00e3o dos recursos h\u00eddricos e a prote\u00e7\u00e3o ambiental. A ocorr\u00eancia de chuvas intensas, aliada a pr\u00e1ticas inadequadas de uso, manejo e ocupa\u00e7\u00e3o do solo, pode aumentar significativamente o risco de desastres naturais, como inunda\u00e7\u00f5es e deslizamentos de terra.<\/p>\n<p>A gest\u00e3o adequada das bacias hidrogr\u00e1ficas \u00e9 essencial para prevenir desastres e proteger tanto o meio ambiente quanto as comunidades pr\u00f3ximas. Dentro de uma bacia hidrogr\u00e1fica, a intera\u00e7\u00e3o entre chuvas e o uso do solo desempenha um papel vital. Pr\u00e1ticas inadequadas de ocupa\u00e7\u00e3o do solo podem aumentar o risco de cat\u00e1strofes naturais, como inunda\u00e7\u00f5es e deslizamentos de terra. Portanto, uma abordagem eficaz envolve medidas de conserva\u00e7\u00e3o do solo, reflorestamento, controle de enchentes, monitoramento da qualidade da \u00e1gua e engajamento das comunidades locais em pr\u00e1ticas sustent\u00e1veis. Tais a\u00e7\u00f5es s\u00e3o fundamentais para mitigar os impactos dos eventos clim\u00e1ticos extremos e garantir a seguran\u00e7a e o bem-estar das popula\u00e7\u00f5es afetadas.<\/p>\n<p>No Mato Grosso, os inc\u00eandios florestais e os per\u00edodos de seca s\u00e3o fontes de preju\u00edzos significativos, com impactos devastadores tanto para o meio ambiente quanto para a popula\u00e7\u00e3o. Os inc\u00eandios destroem vastas \u00e1reas de vegeta\u00e7\u00e3o, prejudicando a biodiversidade e contribuindo para o aumento das emiss\u00f5es de gases de efeito estufa. Al\u00e9m disso, a fuma\u00e7a resultante prejudica a qualidade do ar, afetando a sa\u00fade das pessoas e a economia local.<\/p>\n<p>Os per\u00edodos de seca agravam ainda mais a situa\u00e7\u00e3o, aumentando o risco e a intensidade dos inc\u00eandios, al\u00e9m de comprometerem o abastecimento de \u00e1gua e a produ\u00e7\u00e3o agr\u00edcola. A escassez de \u00e1gua durante os per\u00edodos secos afeta n\u00e3o apenas a agricultura, mas tamb\u00e9m a vida selvagem e os ecossistemas aqu\u00e1ticos.<\/p>\n<p>\u00c9 essencial investir em pol\u00edticas p\u00fablicas que promovam o ordenamento territorial adequado e incentivem pr\u00e1ticas de conserva\u00e7\u00e3o ambiental. Al\u00e9m disso, \u00e9 crucial aumentar a conscientiza\u00e7\u00e3o da popula\u00e7\u00e3o sobre os riscos associados a eventos extremos e a import\u00e2ncia de se preparar e responder de forma adequada a tais situa\u00e7\u00f5es. Somente atrav\u00e9s de uma abordagem integrada e colaborativa, envolvendo governo, comunidades e setor privado, podemos reduzir efetivamente os impactos dos desastres causados pelas chuvas, inc\u00eandios florestais e per\u00edodos de seca em todo o Brasil.<\/p>\n<p>Essa coopera\u00e7\u00e3o entre diferentes setores \u00e9 essencial para desenvolver e implementar pol\u00edticas eficazes de preven\u00e7\u00e3o e gest\u00e3o de desastres, assim como para promover medidas de prepara\u00e7\u00e3o, resposta e recupera\u00e7\u00e3o. Trabalhando em conjunto, podemos minimizar os impactos desses eventos extremos.<\/p>\n<p>A situa\u00e7\u00e3o exposta tem como objetivo contribuir com o debate, buscando uma melhor visualiza\u00e7\u00e3o e compreens\u00e3o do assunto Bacia Hidrogr\u00e1fica, que inclui tamb\u00e9m a engenharia florestal, respons\u00e1vel pelo uso sustent\u00e1vel dos recursos florestais, propondo uma discuss\u00e3o contributiva, aprimorando os aspectos que parecem importantes para uma abordagem compreens\u00edvel do tema.<\/p>\n<p>C\u00edcero Ramos \u00e9 Engenheiro Florestal, vice-presidente da Associa\u00e7\u00e3o Mato-grossense dos Engenheiros Florestais (AMEF), Coordenador da C\u00e2mara Nacional de Engenharia Florestal, possui especializa\u00e7\u00e3o em Geoprocessamento e Preven\u00e7\u00e3o, Controle, Combate \u00e0 Inc\u00eandios Florestais. Consultor aut\u00f4nomo. E-mail: <a href=\"mailto:icaraima@gmail.com\">icaraima@gmail.com<\/a><\/p>\n","protected":false},"excerpt":{"rendered":"<p>A gest\u00e3o de bacias hidrogr\u00e1ficas se torna ainda mais crucial diante dos recentes desastres causados pelas chuvas no Rio Grande do Sul, os quais t\u00eam servido como alerta para todo o Brasil. A necessidade urgente de implementar medidas eficazes de preven\u00e7\u00e3o e gest\u00e3o de desastres em todo o pa\u00eds \u00e9 evidente, considerando que enchentes e [&hellip;]<\/p>\n","protected":false},"author":2,"featured_media":52198,"comment_status":"closed","ping_status":"closed","sticky":false,"template":"","format":"standard","meta":{"footnotes":""},"categories":[3],"tags":[],"class_list":["post-53747","post","type-post","status-publish","format-standard","has-post-thumbnail","hentry","category-opiniao"],"acf":[],"_links":{"self":[{"href":"https:\/\/www.crea-mt.org.br\/portal\/wp-json\/wp\/v2\/posts\/53747","targetHints":{"allow":["GET"]}}],"collection":[{"href":"https:\/\/www.crea-mt.org.br\/portal\/wp-json\/wp\/v2\/posts"}],"about":[{"href":"https:\/\/www.crea-mt.org.br\/portal\/wp-json\/wp\/v2\/types\/post"}],"author":[{"embeddable":true,"href":"https:\/\/www.crea-mt.org.br\/portal\/wp-json\/wp\/v2\/users\/2"}],"replies":[{"embeddable":true,"href":"https:\/\/www.crea-mt.org.br\/portal\/wp-json\/wp\/v2\/comments?post=53747"}],"version-history":[{"count":2,"href":"https:\/\/www.crea-mt.org.br\/portal\/wp-json\/wp\/v2\/posts\/53747\/revisions"}],"predecessor-version":[{"id":53749,"href":"https:\/\/www.crea-mt.org.br\/portal\/wp-json\/wp\/v2\/posts\/53747\/revisions\/53749"}],"wp:featuredmedia":[{"embeddable":true,"href":"https:\/\/www.crea-mt.org.br\/portal\/wp-json\/wp\/v2\/media\/52198"}],"wp:attachment":[{"href":"https:\/\/www.crea-mt.org.br\/portal\/wp-json\/wp\/v2\/media?parent=53747"}],"wp:term":[{"taxonomy":"category","embeddable":true,"href":"https:\/\/www.crea-mt.org.br\/portal\/wp-json\/wp\/v2\/categories?post=53747"},{"taxonomy":"post_tag","embeddable":true,"href":"https:\/\/www.crea-mt.org.br\/portal\/wp-json\/wp\/v2\/tags?post=53747"}],"curies":[{"name":"wp","href":"https:\/\/api.w.org\/{rel}","templated":true}]}}