{"id":50534,"date":"2023-11-13T11:31:23","date_gmt":"2023-11-13T15:31:23","guid":{"rendered":"https:\/\/www.crea-mt.org.br\/portal\/?p=50534"},"modified":"2023-11-13T11:39:22","modified_gmt":"2023-11-13T15:39:22","slug":"entrevista-mensal-engenheiro-eletricista-avalia-mercado-de-trabalho-e-desafios-para-os-profissionais-da-modalidade","status":"publish","type":"post","link":"https:\/\/www.crea-mt.org.br\/portal\/entrevista-mensal-engenheiro-eletricista-avalia-mercado-de-trabalho-e-desafios-para-os-profissionais-da-modalidade\/","title":{"rendered":"Entrevista mensal: Engenheiro Eletricista avalia mercado de trabalho e desafios para os profissionais da modalidade"},"content":{"rendered":"<p><img loading=\"lazy\" decoding=\"async\" class=\" wp-image-50537 alignleft\" src=\"https:\/\/www.crea-mt.org.br\/portal\/wp-content\/uploads\/2023\/11\/WhatsApp-Image-2023-11-11-at-10.19.17-2-1.png\" alt=\"\" width=\"281\" height=\"439\" \/>O Conselho Regional de Engenharia e Agronomia de Mato Grosso (Crea-MT) neste m\u00eas de novembro destaca o trabalho dos profissionais da Engenharia El\u00e9trica, entrevistando o eng. eletricista Julio Cezar Campos, graduado na modalidade pela Universidade Federal de Mato Grosso (UFMT) e com MBA em gest\u00e3o de obras pelo Instituto de P\u00f3s Gradua\u00e7\u00e3o (Ipog).<\/p>\n<p class=\"gmail-MsoNoSpacing\">Julio Cezar j\u00e1 trabalhou em construtoras e empresas de montagem el\u00e9trica, e desde 2012 \u00e9 coordenador de engenharia na empresa CCR montagens el\u00e9tricas, que abriu com dois colegas de faculdade, e atualmente, \u00e9 o \u00fanico s\u00f3cio.<\/p>\n<div>\n<p class=\"gmail-MsoNoSpacing\"><b>Crea-MT: O que mais chamou a sua aten\u00e7\u00e3o para entrar na \u00e1rea de Engenharia El\u00e9trica?<\/b><\/p>\n<\/div>\n<p class=\"gmail-MsoNoSpacing\"><strong>Julio Cezar:<\/strong> Existe um personagem de desenho animado, criado por Scott Adams na d\u00e9cada de 80, chamado Dilbert. Tem um epis\u00f3dio, do qual gosto muito, onde a m\u00e3e do Dilbert o leva para uma consulta m\u00e9dica, pois est\u00e1 preocupada com seu comportamento interpessoal e com suas habilidades t\u00e9cnicas. Ent\u00e3o o m\u00e9dico diz que precisaria fazer um exame, mas o aparelho est\u00e1 quebrado, e sem nenhum aviso ou esfor\u00e7o, Dilbert o conserta, nesse momento o m\u00e9dico afirma que a situa\u00e7\u00e3o do Dilbert \u00e9 pior do que eles imaginavam, pois ele tem o &#8220;jeito&#8221;. O desenho \u00e9 bem engra\u00e7ado, \u00e9 um epis\u00f3dio bem curtinho, recomendo que o procurem na internet. Enfim, assim como o Dilbert, eu nasci com curiosidade sobre equipamentos e dispositivos eletr\u00f4nicos e eletromec\u00e2nicos e tenho desde crian\u00e7a certas facilidades com matem\u00e1tica e f\u00edsica aplicada. Seguir para uma carreira onde eu pudesse aplicar essas caracter\u00edsticas foi algo natural e inevit\u00e1vel.<\/p>\n<div>\n<p class=\"gmail-MsoNoSpacing\"><b>Crea-MT: Como \u00e9 o mercado de trabalho para o engenheiro dessa modalidade? <\/b><b>Como o senhor avalia o campo de atua\u00e7\u00e3o da engenharia el\u00e9trica em Mato Grosso?<\/b><\/p>\n<\/div>\n<p class=\"gmail-MsoNoSpacing\"><strong>Julio Cezar:<\/strong> \u00c9 dif\u00edcil pensar em mercado e oportunidades futuras, sem pensar ou refletir um pouco sobre pol\u00edtica e o momento atual face ao cerceamento da liberdade individual. \u00c9 um tema controverso e n\u00e3o vamos discutir aqui, mas al\u00e9m de minhas ressalvas, sou otimista sobre as oportunidades que se abrem \u00e0s novas gera\u00e7\u00f5es de engenheiros eletricistas. Diversas novas tecnologias surgem a cada instante, com facilidade elas se propagam e chegam at\u00e9 n\u00f3s. Temos grandes lacunas a preencher nas mais diversas \u00e1reas da engenharia, ent\u00e3o se voc\u00ea est\u00e1 se lan\u00e7ando ao mercado de trabalho agora, come\u00e7ando sua jornada, vou lhe dar uma boa not\u00edcia: Sim, acredito que existam m\u00faltiplas oportunidades de trabalho e um futuro promissor lhe aguarda, basta que se esforce um pouco.<\/p>\n<div>\n<p class=\"gmail-MsoNoSpacing\"><b>Crea-MT: Qual maior desafio do eng. eletricista na atualidade?<\/b><\/p>\n<\/div>\n<p class=\"gmail-MsoNoSpacing\"><strong>Julio Cezar:<\/strong> Posso citar alguns, mas diria que o maior e talvez este, continue sendo por muito tempo, um dos mais complexos e din\u00e2mico problemas da sociedade. O desafio \u00e9: Lidar com outras pessoas. Seria justo, afirmar que \u00e9, este, o grande desafio contempor\u00e2neo. Qualquer que seja seu caminho dentro da engenharia, seja voc\u00ea um engenheiro S\u00eanior ou um estagi\u00e1rio iniciando os primeiros passos de uma longa jornada, lidar com outras pessoas vai ser sempre um desafio e uma oportunidade, pois lhe permite novas percep\u00e7\u00f5es. Temos gera\u00e7\u00f5es cada vez mais integradas \u00e0 tecnologias, absorvendo conhecimentos, culturas e experi\u00eancias em um ritmo fren\u00e9tico e infelizmente em n\u00edvel muito superficial, o que as tornas \u00e0s vezes vol\u00e1teis, de pouco comprometimento e de dif\u00edcil engajamento. Passamos muito tempo focados em adquirir, ampliar ou melhorar conhecimentos t\u00e9cnicos e pr\u00e1ticos sobre nossa profiss\u00e3o, fun\u00e7\u00e3o ou trabalho. Se posso lhe dar uma dica, que esta seja: dedique uma boa parte do tempo em entender as outras pessoas. Que nossas intera\u00e7\u00f5es interpessoais com equipes de personalidades, gostos, percep\u00e7\u00f5es e habilidades diferentes nos tornem mais flex\u00edveis e que nossa adaptabilidade nos tornem l\u00edderes melhores.<\/p>\n<div>\n<p class=\"gmail-MsoNoSpacing\"><b>Crea-MT: O que diria para quem quer seguir a profiss\u00e3o?<\/b><\/p>\n<\/div>\n<p class=\"gmail-MsoNoSpacing\"><strong>Julio Cezar:<\/strong> O sucesso \u00e9 mera consequ\u00eancia de um esfor\u00e7o diligente, dedica\u00e7\u00e3o e trabalho \u00e1rduo.<\/p>\n<p>&nbsp;<\/p>\n<p><strong>Texto: Assessoria de Comunica\u00e7\u00e3o do Crea-MT. Fotos: Arquivo pessoal.<\/strong><\/p>\n","protected":false},"excerpt":{"rendered":"<p>O Conselho Regional de Engenharia e Agronomia de Mato Grosso (Crea-MT) neste m\u00eas de novembro destaca o trabalho dos profissionais da Engenharia El\u00e9trica, entrevistando o eng. eletricista Julio Cezar Campos, graduado na modalidade pela Universidade Federal de Mato Grosso (UFMT) e com MBA em gest\u00e3o de obras pelo Instituto de P\u00f3s Gradua\u00e7\u00e3o (Ipog). Julio Cezar [&hellip;]<\/p>\n","protected":false},"author":2,"featured_media":50536,"comment_status":"closed","ping_status":"closed","sticky":false,"template":"","format":"standard","meta":{"footnotes":""},"categories":[12,1],"tags":[],"class_list":["post-50534","post","type-post","status-publish","format-standard","has-post-thumbnail","hentry","category-entrevista-do-mes","category-noticias"],"acf":[],"_links":{"self":[{"href":"https:\/\/www.crea-mt.org.br\/portal\/wp-json\/wp\/v2\/posts\/50534","targetHints":{"allow":["GET"]}}],"collection":[{"href":"https:\/\/www.crea-mt.org.br\/portal\/wp-json\/wp\/v2\/posts"}],"about":[{"href":"https:\/\/www.crea-mt.org.br\/portal\/wp-json\/wp\/v2\/types\/post"}],"author":[{"embeddable":true,"href":"https:\/\/www.crea-mt.org.br\/portal\/wp-json\/wp\/v2\/users\/2"}],"replies":[{"embeddable":true,"href":"https:\/\/www.crea-mt.org.br\/portal\/wp-json\/wp\/v2\/comments?post=50534"}],"version-history":[{"count":5,"href":"https:\/\/www.crea-mt.org.br\/portal\/wp-json\/wp\/v2\/posts\/50534\/revisions"}],"predecessor-version":[{"id":50542,"href":"https:\/\/www.crea-mt.org.br\/portal\/wp-json\/wp\/v2\/posts\/50534\/revisions\/50542"}],"wp:featuredmedia":[{"embeddable":true,"href":"https:\/\/www.crea-mt.org.br\/portal\/wp-json\/wp\/v2\/media\/50536"}],"wp:attachment":[{"href":"https:\/\/www.crea-mt.org.br\/portal\/wp-json\/wp\/v2\/media?parent=50534"}],"wp:term":[{"taxonomy":"category","embeddable":true,"href":"https:\/\/www.crea-mt.org.br\/portal\/wp-json\/wp\/v2\/categories?post=50534"},{"taxonomy":"post_tag","embeddable":true,"href":"https:\/\/www.crea-mt.org.br\/portal\/wp-json\/wp\/v2\/tags?post=50534"}],"curies":[{"name":"wp","href":"https:\/\/api.w.org\/{rel}","templated":true}]}}