{"id":4382,"date":"2009-06-23T00:00:00","date_gmt":"2009-06-23T03:00:00","guid":{"rendered":"https:\/\/crea-mt.org.br\/portal\/oportunidade-profissionais-registrados-no-crea-mt-possuem-desconto-em-pos-graduacao\/"},"modified":"2009-06-23T00:00:00","modified_gmt":"2009-06-23T03:00:00","slug":"oportunidade-profissionais-registrados-no-crea-mt-possuem-desconto-em-pos-graduacao","status":"publish","type":"post","link":"https:\/\/www.crea-mt.org.br\/portal\/oportunidade-profissionais-registrados-no-crea-mt-possuem-desconto-em-pos-graduacao\/","title":{"rendered":"Oportunidade: Profissionais registrados no Crea-MT possuem desconto em p\u00f3s-gradua\u00e7\u00e3o"},"content":{"rendered":"<p>Continuam abertas as inscri\u00e7\u00f5es para o curso de p\u00f3s-gradua\u00e7\u00e3o &#8220;Ilumina\u00e7\u00e3o e Design de Interiores&#8221;. Oferecido pelo Instituto de P\u00f3s-Gradua\u00e7\u00e3o (Ipog) em parceria com o Crea-MT, \u00e9 ofertado descontos aos profissionais do Sistema Confea\/Crea regulares no Regional de Mato Grosso. <\/p>\n<p>A abertura oficial da terceira turma ocorreu na \u00faltima sexta-feira (19.06). As aulas ocorrem no audit\u00f3rio do Crea-MT, uma vez por m\u00eas, durante um final de semana sempre nas sextas-feiras, das 18h \u00e0s 23 horas, aos s\u00e1bado, das 8h \u00e0s 19 horas e aos domingos, das 8h \u00e0s 19 horas.<\/p>\n<p>Empresas de tecnologia de ponta, como a Philips e a Scher\u00e9der, possuem parceria com o Instituto de P\u00f3s-gradua\u00e7\u00e3o e requisitam os especialistas em Ilumina\u00e7\u00e3o e Design de Interiores. &#8220;Por meio de um embasamento te\u00f3rico, aliado a aulas pr\u00e1ticas, o profissional formado pelo Ipog tem um diferencial competitivo e preparado para as exig\u00eancias do mercado de trabalho&#8221;, avalia o diretor regional do Instituto, Jos\u00e9 Carlos. <\/p>\n<p>Outras informa\u00e7\u00f5es pelo site www.ipoggo.com.br ou pelo telefone (65) 3321-3665. <\/p>\n<p>*Rafaela Maximiano<br \/>\nAscom\/Crea-MT<\/p>\n","protected":false},"excerpt":{"rendered":"<p>Continuam abertas as inscri\u00e7\u00f5es para o curso de p\u00f3s-gradua\u00e7\u00e3o &#8220;Ilumina\u00e7\u00e3o e Design de Interiores&#8221;. Oferecido pelo Instituto de P\u00f3s-Gradua\u00e7\u00e3o (Ipog) em parceria com o Crea-MT, \u00e9 ofertado descontos aos profissionais do Sistema Confea\/Crea regulares no Regional de Mato Grosso. A abertura oficial da terceira turma ocorreu na \u00faltima sexta-feira (19.06). As aulas ocorrem no audit\u00f3rio [&hellip;]<\/p>\n","protected":false},"author":1,"featured_media":0,"comment_status":"open","ping_status":"open","sticky":false,"template":"","format":"standard","meta":{"footnotes":""},"categories":[1],"tags":[],"class_list":["post-4382","post","type-post","status-publish","format-standard","hentry","category-noticias"],"acf":[],"_links":{"self":[{"href":"https:\/\/www.crea-mt.org.br\/portal\/wp-json\/wp\/v2\/posts\/4382","targetHints":{"allow":["GET"]}}],"collection":[{"href":"https:\/\/www.crea-mt.org.br\/portal\/wp-json\/wp\/v2\/posts"}],"about":[{"href":"https:\/\/www.crea-mt.org.br\/portal\/wp-json\/wp\/v2\/types\/post"}],"author":[{"embeddable":true,"href":"https:\/\/www.crea-mt.org.br\/portal\/wp-json\/wp\/v2\/users\/1"}],"replies":[{"embeddable":true,"href":"https:\/\/www.crea-mt.org.br\/portal\/wp-json\/wp\/v2\/comments?post=4382"}],"version-history":[{"count":0,"href":"https:\/\/www.crea-mt.org.br\/portal\/wp-json\/wp\/v2\/posts\/4382\/revisions"}],"wp:attachment":[{"href":"https:\/\/www.crea-mt.org.br\/portal\/wp-json\/wp\/v2\/media?parent=4382"}],"wp:term":[{"taxonomy":"category","embeddable":true,"href":"https:\/\/www.crea-mt.org.br\/portal\/wp-json\/wp\/v2\/categories?post=4382"},{"taxonomy":"post_tag","embeddable":true,"href":"https:\/\/www.crea-mt.org.br\/portal\/wp-json\/wp\/v2\/tags?post=4382"}],"curies":[{"name":"wp","href":"https:\/\/api.w.org\/{rel}","templated":true}]}}