{"id":3158,"date":"2012-08-21T15:12:51","date_gmt":"2012-08-21T18:12:51","guid":{"rendered":"https:\/\/crea-mt.org.br\/portal\/discurso-de-abertura-da-67a-soeaa-em-cuiaba\/"},"modified":"2012-08-21T15:12:51","modified_gmt":"2012-08-21T18:12:51","slug":"discurso-de-abertura-da-67a-soeaa-em-cuiaba","status":"publish","type":"post","link":"https:\/\/www.crea-mt.org.br\/portal\/discurso-de-abertura-da-67a-soeaa-em-cuiaba\/","title":{"rendered":"Discurso de abertura da 67\u00aa Soeaa em Cuiab\u00e1"},"content":{"rendered":"<p>Boa noite!<br \/>\n\u00a0<br \/>\nO povo matogrossense tem por tradi\u00e7\u00e3o receber com hospitalidade todos quantos o visitam por isso, \u00e9 com profundo j\u00fabilo que, em meu nome e em nome dessa tradi\u00e7\u00e3o, dou as boas-vindas a todos aos nossos convidados, acompanhantes e aos os 2.500 participantes inscritos neste Evento.<br \/>\n\u00a0<br \/>\n\u00c9 com grande satisfa\u00e7\u00e3o e imensa alegria que nos damos conta da chegada do dia em que Cuiab\u00e1 sedia a 67\u00aa Edi\u00e7\u00e3o da Semana Oficial da Engenharia, da Arquitetura e da Agronomia e o 7\u00ba Congresso Nacional de Profissionais. Dia em que o esfor\u00e7o de uma equipe \u00e9 recompensado pela oportunidade de ofertar a todos, momentos de crescimento intelectual e socializa\u00e7\u00e3o de experi\u00eancias bem sucedidas na \u00e1rea tecnol\u00f3gica mundial. O evento congrega 1700 profissionais, 800 estudantes de todo pa\u00eds, e tamb\u00e9m das Am\u00e9ricas, e evidenciar\u00e1 os avan\u00e7os e perspectivas das \u00e1reas tecnol\u00f3gicas, representando mais  uma p\u00e1gina na evolu\u00e7\u00e3o da nossa hist\u00f3ria .<br \/>\n\u00a0<br \/>\nCom o tema, \u0093Construindo uma agenda estrat\u00e9gica para o sistema profissional: desafios, oportunidades e vis\u00e3o de futuro\u0094, esperamos construir um cen\u00e1rio que ultrapasse uma simples avalia\u00e7\u00e3o do papel da engenharia, da arquitetura e da agronomia, e nos d\u00ea rumos concretos para a consolida\u00e7\u00e3o, reconhecimento e valora\u00e7\u00e3o das nossas profiss\u00f5es.<br \/>\n\u00a0<br \/>\n\u00c9 sabido, que na retomada dos investimentos a engenharia, a arquitetura e a agronomia, desempenham fun\u00e7\u00f5es de extrema relev\u00e2ncia j\u00e1 conhecida por n\u00f3s, mas as novas condi\u00e7\u00f5es para a realiza\u00e7\u00e3o dessas fun\u00e7\u00f5es, exigir\u00e3o um maior controle por parte da sociedade, dos mecanismos de combate \u00e0 corrup\u00e7\u00e3o e, tamb\u00e9m, maior respeito e aten\u00e7\u00e3o aos impactos ambientais.<br \/>\n\u00a0<br \/>\nN\u00f3s profissionais, precisamos redobrar as preocupa\u00e7\u00f5es pela manuten\u00e7\u00e3o dos processos industriais existentes, procurar as melhores solu\u00e7\u00f5es para ampliar o fornecimento e a utiliza\u00e7\u00e3o da energia e superar a crise mundial, amea\u00e7ada de um lado \u0096 pela piora das condi\u00e7\u00f5es clim\u00e1ticas e ambientais no mundo \u0096 e de outro \u0096 pela pior condi\u00e7\u00f5es clim\u00e1ticas e pelo riscos de desabastecimento do petr\u00f3leo, cujas principal fonte est\u00e3o na atual \u00e1rea de conflito internacional. Ou seja, a situa\u00e7\u00e3o  futura do planeta n\u00e3o est\u00e1 ligada simplesmente \u00e0 consci\u00eancia de seu habitantes, mas sim diretamente condicionada \u00e0 aplica\u00e7\u00e3o do conhecimento tecnol\u00f3gico nas diversas \u00e1reas, com o devido apoio pol\u00edtico e econ\u00f4mico mundial .<br \/>\n\u00a0<br \/>\nSer\u00e1 em torno desses cen\u00e1rios constru\u00eddos pela 67\u00aa semana e o 7\u00ba CNP, que  iremos nos  posicionar e remeter \u00e0s necessidades de profundas mudan\u00e7as sobre qual deve ser o real papel dos  profissionais no desenvolvimento econ\u00f4mico e social do Pa\u00eds.  Isso por que, a qualidade de vida com que podemos contar hoje \u00e9 fruto de um desenvolvimento tecnol\u00f3gico incorporado aos bens e servi\u00e7os agora dispon\u00edveis \u00e0 popula\u00e7\u00e3o, onde a participa\u00e7\u00e3o da engenharia, da  arquitetura e da agronomia  \u00e9  fundamental.<\/p>\n<p>As nossas profiss\u00f5es hoje aqui reunidas simbolizam uma estrat\u00e9gia para o crescimento sustent\u00e1vel do Pa\u00eds, s\u00e3o elas quem transforma o conhecimento desenvolvido nos laborat\u00f3rios, em produtos que ir\u00e3o melhorar a vida das pessoas. S\u00e3o elas os respons\u00e1veis pelo elemento principal da revolucion\u00e1ria transforma\u00e7\u00e3o silenciosa que ocorre no mundo moderno. Nosso compromisso \u00e9 com o ser humano e com a sociedade. Devemos ser entendidos como uma cultura, aberto ao pa\u00eds, ativos na promo\u00e7\u00e3o de seu desenvolvimento, e auxiliar dessa mesma sociedade na integra\u00e7\u00e3o \u00e0 nova mentalidade Mundial .<br \/>\n\u00a0<br \/>\nMeus amigos, estamos aqui hoje reunidos em Cuiab\u00e1, centro geod\u00e9sico da Am\u00e9rica do sul, terra de Marechal Rondon e capital de um estado cujo territ\u00f3rio  passa de 906 mil quil\u00f4metros  que re\u00fanem n\u00e3o apenas sete, mas centenas de maravilhas naturais, antropol\u00f3gicas e culturais. Mato Grosso \u00e9 a \u00fanica regi\u00e3o do planeta com tr\u00eas biomas distintos: Pantanal, Cerrado e Amaz\u00f4nia, al\u00e9m dos ecossistemas dos vales do Araguaia e do Guapor\u00e9 com fauna e flora exuberantes e exclusivas daqui do nosso estado. <\/p>\n<p>Em Mato Grosso, se reproduzem mais de um ter\u00e7o das esp\u00e9cies animais existentes no mundo, sem falar dos seus primeiros abitantes os ind\u00edgenas com sua l\u00edngua , suas culturas diferentes, somaram mais de 38 etnias.<\/p>\n<p>Amigos, este \u00e9 Mato Grosso, que harmonicamente convive com o antigo e o novo, com  o simples e com  o sofisticado, um estado \u00fanico, que hoje todos voc\u00eas tem a oportunidade de conhecer.<\/p>\n<p>Sejam todos muito bem vindos a Mato Grosso!\u00a0 Muito obrigado!<\/p>\n<p>*Tarciso Bassan<br \/>\nPresidente do Crea-MT<br \/>\n22\/Agosto\/2010<\/p>\n","protected":false},"excerpt":{"rendered":"<p>Boa noite! \u00a0 O povo matogrossense tem por tradi\u00e7\u00e3o receber com hospitalidade todos quantos o visitam por isso, \u00e9 com profundo j\u00fabilo que, em meu nome e em nome dessa tradi\u00e7\u00e3o, dou as boas-vindas a todos aos nossos convidados, acompanhantes e aos os 2.500 participantes inscritos neste Evento. \u00a0 \u00c9 com grande satisfa\u00e7\u00e3o e imensa [&hellip;]<\/p>\n","protected":false},"author":1,"featured_media":0,"comment_status":"open","ping_status":"open","sticky":false,"template":"","format":"standard","meta":{"footnotes":""},"categories":[1],"tags":[],"class_list":["post-3158","post","type-post","status-publish","format-standard","hentry","category-noticias"],"acf":[],"_links":{"self":[{"href":"https:\/\/www.crea-mt.org.br\/portal\/wp-json\/wp\/v2\/posts\/3158","targetHints":{"allow":["GET"]}}],"collection":[{"href":"https:\/\/www.crea-mt.org.br\/portal\/wp-json\/wp\/v2\/posts"}],"about":[{"href":"https:\/\/www.crea-mt.org.br\/portal\/wp-json\/wp\/v2\/types\/post"}],"author":[{"embeddable":true,"href":"https:\/\/www.crea-mt.org.br\/portal\/wp-json\/wp\/v2\/users\/1"}],"replies":[{"embeddable":true,"href":"https:\/\/www.crea-mt.org.br\/portal\/wp-json\/wp\/v2\/comments?post=3158"}],"version-history":[{"count":0,"href":"https:\/\/www.crea-mt.org.br\/portal\/wp-json\/wp\/v2\/posts\/3158\/revisions"}],"wp:attachment":[{"href":"https:\/\/www.crea-mt.org.br\/portal\/wp-json\/wp\/v2\/media?parent=3158"}],"wp:term":[{"taxonomy":"category","embeddable":true,"href":"https:\/\/www.crea-mt.org.br\/portal\/wp-json\/wp\/v2\/categories?post=3158"},{"taxonomy":"post_tag","embeddable":true,"href":"https:\/\/www.crea-mt.org.br\/portal\/wp-json\/wp\/v2\/tags?post=3158"}],"curies":[{"name":"wp","href":"https:\/\/api.w.org\/{rel}","templated":true}]}}