{"id":16959,"date":"2018-05-16T17:09:41","date_gmt":"2018-05-16T21:09:41","guid":{"rendered":"https:\/\/www.crea-mt.org.br\/portal\/?p=16959"},"modified":"2018-05-18T16:24:18","modified_gmt":"2018-05-18T20:24:18","slug":"crea-mt-e-entidades-de-classe-propoem-projeto-de-lei-para-valoracao-de-servicos-ecossistemicos-de-reserva-legais-e-apps","status":"publish","type":"post","link":"https:\/\/www.crea-mt.org.br\/portal\/crea-mt-e-entidades-de-classe-propoem-projeto-de-lei-para-valoracao-de-servicos-ecossistemicos-de-reserva-legais-e-apps\/","title":{"rendered":"Crea-MT e entidades de classe prop\u00f5em projeto de lei para valora\u00e7\u00e3o de servi\u00e7os ecossist\u00eamicos de reserva legais e APP\u2019s"},"content":{"rendered":"<p style=\"background: white; font-variant-ligatures: normal; font-variant-caps: normal; orphans: 2; text-align: start; widows: 2; -webkit-text-stroke-width: 0px; text-decoration-style: initial; text-decoration-color: initial; word-spacing: 0px;\"><span style=\"font-size: 10.0pt; font-family: 'Verdana',sans-serif; color: #333333;\"><img loading=\"lazy\" decoding=\"async\" class=\"alignleft wp-image-16961\" src=\"https:\/\/www.crea-mt.org.br\/portal\/wp-content\/uploads\/2018\/05\/IMG_0762-1024x683.jpg\" alt=\"\" width=\"524\" height=\"349\" srcset=\"https:\/\/www.crea-mt.org.br\/portal\/wp-content\/uploads\/2018\/05\/IMG_0762-1024x683.jpg 1024w, https:\/\/www.crea-mt.org.br\/portal\/wp-content\/uploads\/2018\/05\/IMG_0762-360x240.jpg 360w, https:\/\/www.crea-mt.org.br\/portal\/wp-content\/uploads\/2018\/05\/IMG_0762-768x512.jpg 768w, https:\/\/www.crea-mt.org.br\/portal\/wp-content\/uploads\/2018\/05\/IMG_0762.jpg 1920w\" sizes=\"auto, (max-width: 524px) 100vw, 524px\" \/>No pr\u00f3ximo dia 22 de maio, ser\u00e1 apresentada na C\u00e2mara Setorial Tem\u00e1tica com objetivo de Fortalecer a Engenharia e o Desenvolvimento Log\u00edstico do Estado de Mato Grosso da Assembleia Legislativa (CST\/ALMT) uma proposta para exist\u00eancia de um projeto de lei de impute a valora\u00e7\u00e3o de Servi\u00e7os Ecossist\u00eamicos de Reservas Legais e \u00c1rea de Preserva\u00e7\u00e3o Permanentes (APPs). A ideia \u00e9 defendida pelo Conselho Regional de Engenharia e Agronomia de Mato Grosso (Crea-MT), Associa\u00e7\u00e3o dos Engenheiros Agr\u00f4nomos de Mato Grosso (AEA-MT), e Associa\u00e7\u00e3o Mato-grossense dos Engenheiros Florestais.<\/span><\/p>\n<p style=\"background: white;\"><span style=\"font-size: 10.0pt; font-family: 'Verdana',sans-serif; color: #333333;\">De acordo com o assessor Parlamentar e de Rela\u00e7\u00f5es Institucionais do Crea-MT, Eloi da Silva Pereira, que tamb\u00e9m preside a C\u00e2mara Setorial Tem\u00e1tica da AL\/MT, nessa ter\u00e7a-feira (15.05), foi realizada uma reuni\u00e3o entre as entidades de classe para discutir o assunto que ainda \u00e9 uma propositura legislativa e est\u00e1 sendo amplamente debatido com a sociedade. \u201cTamb\u00e9m j\u00e1 foram realizadas pesquisas e, em nenhum estado brasileiro existe uma lei dessa natureza. A participa\u00e7\u00e3o dos profissionais do sistema Confea\/Crea \u00e9 de suma import\u00e2ncia para esse processo, porque garante a import\u00e2ncia dessas propostas para sua efetiva\u00e7\u00e3o\u201d, detalhou Eloi da Silva Pereira.<\/span><\/p>\n<p style=\"background: white; font-variant-ligatures: normal; font-variant-caps: normal; orphans: 2; text-align: start; widows: 2; -webkit-text-stroke-width: 0px; text-decoration-style: initial; text-decoration-color: initial; word-spacing: 0px;\"><span style=\"font-size: 10.0pt; font-family: 'Verdana',sans-serif; color: #333333;\">Gabriel Mancilla, presidente da Associa\u00e7\u00e3o dos Engenheiros Agr\u00f4nomos de Mato Grosso (AEA-MT) explicou que \u00e9 preciso desenvolver\u00a0uma\u00a0metodologia de valora\u00e7\u00e3o de servi\u00e7os ecossist\u00eamicos no Estado de Mato Grosso. \u201cRealizamos pesquisas no Minist\u00e9rio do Trabalho sobre o Projeto TEEB Brasil,\u00a0que fala sobre a conserva\u00e7\u00e3o da biodiversidade, por meio da integra\u00e7\u00e3o de servi\u00e7os ecossist\u00eamicos em pol\u00edticas p\u00fablicas empresariais. Ela trabalha o planejamento e gest\u00e3o territorial, leis e instrumentos econ\u00f4micos para a constru\u00e7\u00e3o e recupera\u00e7\u00e3o da biodiversidade\u201d, explicou o presidente da AEA-MT.<\/span><\/p>\n<p style=\"background: white; font-variant-ligatures: normal; font-variant-caps: normal; orphans: 2; text-align: start; widows: 2; -webkit-text-stroke-width: 0px; text-decoration-style: initial; text-decoration-color: initial; word-spacing: 0px;\"><span style=\"font-size: 10.0pt; font-family: 'Verdana',sans-serif; color: #333333;\">J\u00e1 o professor em Economia da Universidade Federal de Mato Grosso (UFMT) e membro da AEA-MT, Carlos Chicoli, uma das ferramentas para o ponta p\u00e9 inicial desse projeto\u00a0de lei, \u00e9 o desenvolvimento de um estudo cientifico que d\u00ea a possibilidade de valorizar os ecossistemas que encontramos exclusivamente em Mato Grosso. \u00a0<\/span><\/p>\n<p style=\"background: white; font-variant-ligatures: normal; font-variant-caps: normal; orphans: 2; text-align: start; widows: 2; -webkit-text-stroke-width: 0px; text-decoration-style: initial; text-decoration-color: initial; word-spacing: 0px;\"><span style=\"font-size: 10.0pt; font-family: 'Verdana',sans-serif; color: #333333;\">Participaram da reuni\u00e3o dia 15 de maio na sede da AEA-MT o assessor Parlamentar e de Rela\u00e7\u00f5es Institucionais do Crea-MT Eloi da Silva Pereira, o presidente da Associa\u00e7\u00e3o dos Engenheiros Agr\u00f4nomos de Mato Grosso (AEA-MT)\u00a0Gabriel Mancilla, \u00a0o\u00a0 professor de Economia da UFMT e membro da AEA-MT Carlos Chicoli, a doutora em Economia da UFMT, Charline Dassow,\u00a0 professora de Economia da UFMT, Damares Bento\u00a0e Marilia Carnhelutti, membro do Instituto Floresta de Alta Floresta, que participou da reuni\u00e3o por videoconfer\u00eancia.<\/span><\/p>\n<p style=\"text-align: right;\"><em><strong>*Equipe de Comunica\u00e7\u00e3o do Crea-MT<\/strong><\/em><\/p>\n","protected":false},"excerpt":{"rendered":"<p>No pr\u00f3ximo dia 22 de maio, ser\u00e1 apresentada na C\u00e2mara Setorial Tem\u00e1tica com objetivo de Fortalecer a Engenharia e o Desenvolvimento Log\u00edstico do Estado de Mato Grosso da Assembleia Legislativa (CST\/ALMT) uma proposta para exist\u00eancia de um projeto de lei de impute a valora\u00e7\u00e3o de Servi\u00e7os Ecossist\u00eamicos de Reservas Legais e \u00c1rea de Preserva\u00e7\u00e3o Permanentes [&hellip;]<\/p>\n","protected":false},"author":2,"featured_media":16960,"comment_status":"open","ping_status":"open","sticky":false,"template":"","format":"standard","meta":{"footnotes":""},"categories":[1],"tags":[],"class_list":["post-16959","post","type-post","status-publish","format-standard","has-post-thumbnail","hentry","category-noticias"],"acf":[],"_links":{"self":[{"href":"https:\/\/www.crea-mt.org.br\/portal\/wp-json\/wp\/v2\/posts\/16959","targetHints":{"allow":["GET"]}}],"collection":[{"href":"https:\/\/www.crea-mt.org.br\/portal\/wp-json\/wp\/v2\/posts"}],"about":[{"href":"https:\/\/www.crea-mt.org.br\/portal\/wp-json\/wp\/v2\/types\/post"}],"author":[{"embeddable":true,"href":"https:\/\/www.crea-mt.org.br\/portal\/wp-json\/wp\/v2\/users\/2"}],"replies":[{"embeddable":true,"href":"https:\/\/www.crea-mt.org.br\/portal\/wp-json\/wp\/v2\/comments?post=16959"}],"version-history":[{"count":1,"href":"https:\/\/www.crea-mt.org.br\/portal\/wp-json\/wp\/v2\/posts\/16959\/revisions"}],"predecessor-version":[{"id":16962,"href":"https:\/\/www.crea-mt.org.br\/portal\/wp-json\/wp\/v2\/posts\/16959\/revisions\/16962"}],"wp:featuredmedia":[{"embeddable":true,"href":"https:\/\/www.crea-mt.org.br\/portal\/wp-json\/wp\/v2\/media\/16960"}],"wp:attachment":[{"href":"https:\/\/www.crea-mt.org.br\/portal\/wp-json\/wp\/v2\/media?parent=16959"}],"wp:term":[{"taxonomy":"category","embeddable":true,"href":"https:\/\/www.crea-mt.org.br\/portal\/wp-json\/wp\/v2\/categories?post=16959"},{"taxonomy":"post_tag","embeddable":true,"href":"https:\/\/www.crea-mt.org.br\/portal\/wp-json\/wp\/v2\/tags?post=16959"}],"curies":[{"name":"wp","href":"https:\/\/api.w.org\/{rel}","templated":true}]}}