{"id":16216,"date":"2018-03-29T12:57:55","date_gmt":"2018-03-29T16:57:55","guid":{"rendered":"https:\/\/www.crea-mt.org.br\/portal\/?p=16216"},"modified":"2018-03-29T13:11:42","modified_gmt":"2018-03-29T17:11:42","slug":"crea-mt-informa-sofre-feriado-de-pascoa","status":"publish","type":"post","link":"https:\/\/www.crea-mt.org.br\/portal\/crea-mt-informa-sofre-feriado-de-pascoa\/","title":{"rendered":"Crea-MT informa sobre feriado de Sexta-feira Santa"},"content":{"rendered":"<p><img loading=\"lazy\" decoding=\"async\" class=\"alignleft size-medium wp-image-16217\" src=\"https:\/\/www.crea-mt.org.br\/portal\/wp-content\/uploads\/2018\/03\/pascoa-360x240.jpg\" alt=\"\" width=\"360\" height=\"240\" srcset=\"https:\/\/www.crea-mt.org.br\/portal\/wp-content\/uploads\/2018\/03\/pascoa-360x240.jpg 360w, https:\/\/www.crea-mt.org.br\/portal\/wp-content\/uploads\/2018\/03\/pascoa-768x512.jpg 768w, https:\/\/www.crea-mt.org.br\/portal\/wp-content\/uploads\/2018\/03\/pascoa-1024x682.jpg 1024w, https:\/\/www.crea-mt.org.br\/portal\/wp-content\/uploads\/2018\/03\/pascoa.jpg 1280w\" sizes=\"auto, (max-width: 360px) 100vw, 360px\" \/>O Conselho Regional de Engenharia e Agronomia de Mato Grosso (Crea-MT), comunica que em virtude do feriado nacional, esta sexta-feira dia 30 de mar\u00e7o, n\u00e3o haver\u00e1 expediente na sede do Conselho ou nas inspetorias do Crea-MT. O expediente retornar\u00e1 ao normal na segunda-feira, dia 02 de abril.<\/p>\n<p style=\"text-align: right;\"><em><strong>*Equipe de Comunica\u00e7\u00e3o do Crea-MT<\/strong><\/em><\/p>\n<p>&nbsp;<\/p>\n","protected":false},"excerpt":{"rendered":"<p>O Conselho Regional de Engenharia e Agronomia de Mato Grosso (Crea-MT), comunica que em virtude do feriado nacional, esta sexta-feira dia 30 de mar\u00e7o, n\u00e3o haver\u00e1 expediente na sede do Conselho ou nas inspetorias do Crea-MT. O expediente retornar\u00e1 ao normal na segunda-feira, dia 02 de abril. *Equipe de Comunica\u00e7\u00e3o do Crea-MT &nbsp;<\/p>\n","protected":false},"author":2,"featured_media":0,"comment_status":"open","ping_status":"open","sticky":false,"template":"","format":"standard","meta":{"footnotes":""},"categories":[1],"tags":[],"class_list":["post-16216","post","type-post","status-publish","format-standard","hentry","category-noticias"],"acf":[],"_links":{"self":[{"href":"https:\/\/www.crea-mt.org.br\/portal\/wp-json\/wp\/v2\/posts\/16216","targetHints":{"allow":["GET"]}}],"collection":[{"href":"https:\/\/www.crea-mt.org.br\/portal\/wp-json\/wp\/v2\/posts"}],"about":[{"href":"https:\/\/www.crea-mt.org.br\/portal\/wp-json\/wp\/v2\/types\/post"}],"author":[{"embeddable":true,"href":"https:\/\/www.crea-mt.org.br\/portal\/wp-json\/wp\/v2\/users\/2"}],"replies":[{"embeddable":true,"href":"https:\/\/www.crea-mt.org.br\/portal\/wp-json\/wp\/v2\/comments?post=16216"}],"version-history":[{"count":3,"href":"https:\/\/www.crea-mt.org.br\/portal\/wp-json\/wp\/v2\/posts\/16216\/revisions"}],"predecessor-version":[{"id":16221,"href":"https:\/\/www.crea-mt.org.br\/portal\/wp-json\/wp\/v2\/posts\/16216\/revisions\/16221"}],"wp:attachment":[{"href":"https:\/\/www.crea-mt.org.br\/portal\/wp-json\/wp\/v2\/media?parent=16216"}],"wp:term":[{"taxonomy":"category","embeddable":true,"href":"https:\/\/www.crea-mt.org.br\/portal\/wp-json\/wp\/v2\/categories?post=16216"},{"taxonomy":"post_tag","embeddable":true,"href":"https:\/\/www.crea-mt.org.br\/portal\/wp-json\/wp\/v2\/tags?post=16216"}],"curies":[{"name":"wp","href":"https:\/\/api.w.org\/{rel}","templated":true}]}}