{"id":14365,"date":"2017-11-23T10:50:03","date_gmt":"2017-11-23T13:50:03","guid":{"rendered":"https:\/\/www.crea-mt.org.br\/portal\/?p=14365"},"modified":"2017-11-23T10:51:20","modified_gmt":"2017-11-23T13:51:20","slug":"creajr-mt-realiza-i-seminario-de-energias-renovaveis-em-barra-do-garcas","status":"publish","type":"post","link":"https:\/\/www.crea-mt.org.br\/portal\/creajr-mt-realiza-i-seminario-de-energias-renovaveis-em-barra-do-garcas\/","title":{"rendered":"CreaJr-MT realiz\u00e1 I Semin\u00e1rio de Energias Renov\u00e1veis em Barra do Gar\u00e7as"},"content":{"rendered":"<div>\n<p><img loading=\"lazy\" decoding=\"async\" class=\"alignleft size-medium wp-image-14367\" src=\"https:\/\/www.crea-mt.org.br\/portal\/wp-content\/uploads\/2017\/11\/I-SER-BG1-360x360.png\" alt=\"\" width=\"360\" height=\"360\" srcset=\"https:\/\/www.crea-mt.org.br\/portal\/wp-content\/uploads\/2017\/11\/I-SER-BG1-360x360.png 360w, https:\/\/www.crea-mt.org.br\/portal\/wp-content\/uploads\/2017\/11\/I-SER-BG1-300x300.png 300w, https:\/\/www.crea-mt.org.br\/portal\/wp-content\/uploads\/2017\/11\/I-SER-BG1-768x768.png 768w, https:\/\/www.crea-mt.org.br\/portal\/wp-content\/uploads\/2017\/11\/I-SER-BG1.png 800w\" sizes=\"auto, (max-width: 360px) 100vw, 360px\" \/>O CreaJr-MT convida a todos os profissionais e futuros profissionais de Barra do Gar\u00e7as e regi\u00e3o a participarem do I Semin\u00e1rio de Energias Renov\u00e1veis, que acontecer\u00e1 no dia 29 de novembro, \u00e0s 19 h, na Sala de Cinema da Universidade Federal de Mato Grosso (UFMT) em Barra do Gar\u00e7as. O semin\u00e1rio discutir\u00e1 a import\u00e2ncia, necessidade e vantagens de se utilizar fontes de energias renov\u00e1veis.<\/p>\n<p>O evento faz parte da programa\u00e7\u00e3o da II Semana de Engenharia Civil (Sec) da UFMT, que acontece entre os dia 27 de novembro a 01 de dezembro de 2017.<\/p>\n<p>Na primeira edi\u00e7\u00e3o do Semin\u00e1rio de Energias Renov\u00e1veis, o CreaJr-MT refor\u00e7a o seu compromisso em colaborar com a forma\u00e7\u00e3o do profissional, conscientizando o estudante quanto ao papel das profiss\u00f5es junto \u00e0 sociedade, orientando-o para a conduta \u00e9tica e respons\u00e1vel na futura profiss\u00e3o e facilitando-lhe o entendimento da din\u00e2mica do exerc\u00edcio profissional. A inscri\u00e7\u00e3o \u00e9 gratuita e para participar basta inscrever-se atrav\u00e9s do link: <a href=\"https:\/\/goo.gl\/ybGpph\" target=\"_blank\" rel=\"noopener\">https:\/\/goo.gl\/ybGpph<\/a>.<\/p>\n<\/div>\n<div><\/div>\n<div>Fonte: CreaJr-MT<\/div>\n","protected":false},"excerpt":{"rendered":"<p>O CreaJr-MT convida a todos os profissionais e futuros profissionais de Barra do Gar\u00e7as e regi\u00e3o a participarem do I Semin\u00e1rio de Energias Renov\u00e1veis, que acontecer\u00e1 no dia 29 de novembro, \u00e0s 19 h, na Sala de Cinema da Universidade Federal de Mato Grosso (UFMT) em Barra do Gar\u00e7as. O semin\u00e1rio discutir\u00e1 a import\u00e2ncia, necessidade [&hellip;]<\/p>\n","protected":false},"author":2,"featured_media":0,"comment_status":"open","ping_status":"open","sticky":false,"template":"","format":"standard","meta":{"footnotes":""},"categories":[1],"tags":[],"class_list":["post-14365","post","type-post","status-publish","format-standard","hentry","category-noticias"],"acf":[],"_links":{"self":[{"href":"https:\/\/www.crea-mt.org.br\/portal\/wp-json\/wp\/v2\/posts\/14365","targetHints":{"allow":["GET"]}}],"collection":[{"href":"https:\/\/www.crea-mt.org.br\/portal\/wp-json\/wp\/v2\/posts"}],"about":[{"href":"https:\/\/www.crea-mt.org.br\/portal\/wp-json\/wp\/v2\/types\/post"}],"author":[{"embeddable":true,"href":"https:\/\/www.crea-mt.org.br\/portal\/wp-json\/wp\/v2\/users\/2"}],"replies":[{"embeddable":true,"href":"https:\/\/www.crea-mt.org.br\/portal\/wp-json\/wp\/v2\/comments?post=14365"}],"version-history":[{"count":2,"href":"https:\/\/www.crea-mt.org.br\/portal\/wp-json\/wp\/v2\/posts\/14365\/revisions"}],"predecessor-version":[{"id":14368,"href":"https:\/\/www.crea-mt.org.br\/portal\/wp-json\/wp\/v2\/posts\/14365\/revisions\/14368"}],"wp:attachment":[{"href":"https:\/\/www.crea-mt.org.br\/portal\/wp-json\/wp\/v2\/media?parent=14365"}],"wp:term":[{"taxonomy":"category","embeddable":true,"href":"https:\/\/www.crea-mt.org.br\/portal\/wp-json\/wp\/v2\/categories?post=14365"},{"taxonomy":"post_tag","embeddable":true,"href":"https:\/\/www.crea-mt.org.br\/portal\/wp-json\/wp\/v2\/tags?post=14365"}],"curies":[{"name":"wp","href":"https:\/\/api.w.org\/{rel}","templated":true}]}}