{"id":13962,"date":"2017-10-30T08:00:04","date_gmt":"2017-10-30T11:00:04","guid":{"rendered":"https:\/\/www.crea-mt.org.br\/portal\/?p=13962"},"modified":"2017-10-30T08:38:02","modified_gmt":"2017-10-30T11:38:02","slug":"o-engenheiro-de-producao-reginaldo-moreira-de-primavera-do-leste-fala-da-atuacao-no-mercado-de-mt","status":"publish","type":"post","link":"https:\/\/www.crea-mt.org.br\/portal\/o-engenheiro-de-producao-reginaldo-moreira-de-primavera-do-leste-fala-da-atuacao-no-mercado-de-mt\/","title":{"rendered":"O engenheiro de produ\u00e7\u00e3o Reginaldo Moreira, de Primavera do Leste, fala da atua\u00e7\u00e3o no mercado de MT"},"content":{"rendered":"<p><img loading=\"lazy\" decoding=\"async\" class=\"alignleft size-medium wp-image-13963\" src=\"https:\/\/www.crea-mt.org.br\/portal\/wp-content\/uploads\/2017\/10\/27-10-Eng.-de-produ\u00e7\u00e3o-Reginaldo-Moreira--335x360.jpg\" alt=\"\" width=\"335\" height=\"360\" srcset=\"https:\/\/www.crea-mt.org.br\/portal\/wp-content\/uploads\/2017\/10\/27-10-Eng.-de-produ\u00e7\u00e3o-Reginaldo-Moreira--335x360.jpg 335w, https:\/\/www.crea-mt.org.br\/portal\/wp-content\/uploads\/2017\/10\/27-10-Eng.-de-produ\u00e7\u00e3o-Reginaldo-Moreira-.jpg 615w\" sizes=\"auto, (max-width: 335px) 100vw, 335px\" \/>O engenheiro de produ\u00e7\u00e3o Reginaldo Moreira tamb\u00e9m \u00e9 engenheiro de seguran\u00e7a do trabalho e t\u00e9cnico em mec\u00e2nica. Nasceu na cidade de Adamantina-SP, onde se criou e permaneceu at\u00e9 seus 27 anos. Trabalhou por 13 anos em uma ind\u00fastria, alcan\u00e7ando assim o cargo de gerente de produ\u00e7\u00e3o sendo respons\u00e1vel por toda parte produtiva, desenvolvimento de produtos, programa\u00e7\u00e3o de m\u00e1quinas CNC e gerenciamento de pessoas. Em outubro de 2007 mudou-se para Primavera Leste, com uma proposta de trabalho cheia de desafios e muitas oportunidades. No sonhado curso de Engenharia de Produ\u00e7\u00e3o foi monitor das aulas pr\u00e1ticas de mec\u00e2nica, o que lhe despertou o interesse pela doc\u00eancia. Reginaldo fez Especializa\u00e7\u00e3o e atualmente \u00e9 s\u00f3cio-propriet\u00e1rio de empresa, compondo tamb\u00e9m o quadro de docentes de uma universidade particular, em Primavera do Leste.<\/p>\n<p><strong>1 &#8211; Onde e quando se formou e, por que escolheu o curso de Engenharia de Produ\u00e7\u00e3o?<\/strong><br \/>\nMe formei em 2013, na Universidade de Cuiab\u00e1 (UNIC), em Primavera do Leste. Escolhi este curso por ser uma \u00e1rea completamente ampla, queria muito fazer um curso no qual pudesse aprender sobre diferentes \u00e1reas e que me desse a oportunidade de trabalhar n\u00e3o s\u00f3 no ramo da ind\u00fastria metal mec\u00e2nica, mas em empresas de seguimentos distintos, trabalhando com gest\u00e3o de pessoas, planejamento de controle de produ\u00e7\u00e3o, elevando produtividade, rentabilidade e atingindo metas.<\/p>\n<p><strong>2 &#8211; Como \u00e9 o dia a dia de quem trabalha nesta profiss\u00e3o, o que voc\u00ea tem desenvolvido?<\/strong><br \/>\nAssim como todas as \u00e1reas da engenharia, o dia a dia do profissional de Engenharia de Produ\u00e7\u00e3o \u00e9 repleto de atividades e muita responsabilidade. Buscamos formas de redu\u00e7\u00e3o de custos, efici\u00eancia constante, otimiza\u00e7\u00e3o de processos, presta\u00e7\u00e3o de servi\u00e7os, capacidade produtiva, al\u00e9m de contato com fornecedores. Atualmente trabalho com a parte administrativa e desenvolvimento de melhorias no setor agroindustrial e de avi\u00e1rios, desenvolvendo servi\u00e7os de assessoria e consultoria para clientes que buscam parcerias entre fornecimento de produtos, equipamentos e presta\u00e7\u00e3o de servi\u00e7os.\u00a0Al\u00e9m disto, ministro aulas de gest\u00e3o de manuten\u00e7\u00e3o, processo de fabrica\u00e7\u00e3o, projetos de f\u00e1brica, entre outras disciplinas em uma faculdade da cidade.<\/p>\n<p><strong>3 &#8211; Quais as oportunidades do mercado de trabalho e os maiores desafios enfrentados pelo engenheiro de produ\u00e7\u00e3o em Mato Grosso?<\/strong><br \/>\nO profissional de Engenharia de Produ\u00e7\u00e3o tem muitas possibilidades de atua\u00e7\u00e3o em sua carreira, \u00e9 uma \u00e1rea multidisciplinar n\u00e3o se limitando apenas em industrias, mas tamb\u00e9m na presta\u00e7\u00e3o de servi\u00e7os. Em rela\u00e7\u00e3o aos desafios, Mato Grosso tem uma economia consolidada pela for\u00e7a da agricultura, \u00e9 um Estado agro, mas por outro lado temos a log\u00edstica e as cargas tributarias que acabam desestimulando as novas ind\u00fastrias a se instalarem no Estado, fazendo com que muitos outros profissionais ao se formarem, tenham que sair do mesmo em busca de novas oportunidades.<\/p>\n<p><strong>4 &#8211; O que voc\u00ea considera importante para se destacar nesta profiss\u00e3o?<\/strong><br \/>\nConsidero que em meio a tantas outras profiss\u00f5es, o profissional deve cursar e trabalhar em algo que realmente goste e, que desperte o desejo de ir mais al\u00e9m, sendo assim, tenho certeza que alcan\u00e7ara \u00f3timos resultados, grande desempenho e posteriormente um bom retorno financeiro.<\/p>\n<p><strong>5 &#8211; Como voc\u00ea v\u00ea, como engenheiro de produ\u00e7\u00e3o formado e habilitado, a participa\u00e7\u00e3o em uma entidade de classe? <\/strong><br \/>\nAs entidades de classe sem d\u00favidas nenhuma s\u00e3o a preserva\u00e7\u00e3o e a valoriza\u00e7\u00e3o do profissional, cabendo assim aos mesmos, diante de suas atribui\u00e7\u00f5es legais, trabalharem de forma transparente, comprometida e acima de tudo, com \u00e9tica profissional junto a categoria.<\/p>\n<p><strong>6 &#8211; A partir de sua experi\u00eancia que conselhos voc\u00ea daria para os estudantes que ainda est\u00e3o definindo o curso que ir\u00e3o fazer, aos que j\u00e1 est\u00e3o fazendo Engenharia de Produ\u00e7\u00e3o e para os profissionais que est\u00e3o entrando no mercado de trabalho?<\/strong><br \/>\nAos estudantes que ainda est\u00e3o definindo o curso que ir\u00e3o fazer, tenho a dizer que as engenharias, assim como as outras \u00e1reas, n\u00e3o devem serem escolhidas apenas pela condi\u00e7\u00e3o de remunera\u00e7\u00e3o. Aos que est\u00e3o fazendo Engenharia de Produ\u00e7\u00e3o precisam estar cientes e preparados para dificuldades que surgir\u00e3o ao longo do caminho e que existe sim, um mercado amplo de oportunidades para os bons profissionais. E aos meus colegas que est\u00e3o entrando no mercado de trabalho, digo que n\u00e3o se assustem com a press\u00e3o recebida por alguns e que tudo vem no tempo certo, s\u00f3 n\u00e3o podem desanimar e ter em mente que com determina\u00e7\u00e3o e esfor\u00e7o, a vit\u00f3ria \u00e9 certa.<\/p>\n<p>&nbsp;<\/p>\n","protected":false},"excerpt":{"rendered":"<p>O engenheiro de produ\u00e7\u00e3o Reginaldo Moreira tamb\u00e9m \u00e9 engenheiro de seguran\u00e7a do trabalho e t\u00e9cnico em mec\u00e2nica. Nasceu na cidade de Adamantina-SP, onde se criou e permaneceu at\u00e9 seus 27 anos. Trabalhou por 13 anos em uma ind\u00fastria, alcan\u00e7ando assim o cargo de gerente de produ\u00e7\u00e3o sendo respons\u00e1vel por toda parte produtiva, desenvolvimento de produtos, [&hellip;]<\/p>\n","protected":false},"author":2,"featured_media":13963,"comment_status":"open","ping_status":"open","sticky":false,"template":"","format":"standard","meta":{"footnotes":""},"categories":[12],"tags":[],"class_list":["post-13962","post","type-post","status-publish","format-standard","has-post-thumbnail","hentry","category-entrevista-do-mes"],"acf":[],"_links":{"self":[{"href":"https:\/\/www.crea-mt.org.br\/portal\/wp-json\/wp\/v2\/posts\/13962","targetHints":{"allow":["GET"]}}],"collection":[{"href":"https:\/\/www.crea-mt.org.br\/portal\/wp-json\/wp\/v2\/posts"}],"about":[{"href":"https:\/\/www.crea-mt.org.br\/portal\/wp-json\/wp\/v2\/types\/post"}],"author":[{"embeddable":true,"href":"https:\/\/www.crea-mt.org.br\/portal\/wp-json\/wp\/v2\/users\/2"}],"replies":[{"embeddable":true,"href":"https:\/\/www.crea-mt.org.br\/portal\/wp-json\/wp\/v2\/comments?post=13962"}],"version-history":[{"count":2,"href":"https:\/\/www.crea-mt.org.br\/portal\/wp-json\/wp\/v2\/posts\/13962\/revisions"}],"predecessor-version":[{"id":13967,"href":"https:\/\/www.crea-mt.org.br\/portal\/wp-json\/wp\/v2\/posts\/13962\/revisions\/13967"}],"wp:featuredmedia":[{"embeddable":true,"href":"https:\/\/www.crea-mt.org.br\/portal\/wp-json\/wp\/v2\/media\/13963"}],"wp:attachment":[{"href":"https:\/\/www.crea-mt.org.br\/portal\/wp-json\/wp\/v2\/media?parent=13962"}],"wp:term":[{"taxonomy":"category","embeddable":true,"href":"https:\/\/www.crea-mt.org.br\/portal\/wp-json\/wp\/v2\/categories?post=13962"},{"taxonomy":"post_tag","embeddable":true,"href":"https:\/\/www.crea-mt.org.br\/portal\/wp-json\/wp\/v2\/tags?post=13962"}],"curies":[{"name":"wp","href":"https:\/\/api.w.org\/{rel}","templated":true}]}}