{"id":10095,"date":"2012-08-21T15:12:57","date_gmt":"2012-08-21T18:12:57","guid":{"rendered":"https:\/\/www.crea-mt.org.br\/portal\/ainda-sobre-creditos-de-carbono-2\/"},"modified":"2012-08-21T15:12:57","modified_gmt":"2012-08-21T18:12:57","slug":"ainda-sobre-creditos-de-carbono-2","status":"publish","type":"post","link":"https:\/\/www.crea-mt.org.br\/portal\/ainda-sobre-creditos-de-carbono-2\/","title":{"rendered":"AINDA SOBRE CR\u00c9DITOS DE CARBONO"},"content":{"rendered":"<p>Vejo, pela discuss\u00e3o do tema, que j\u00e1 se avan\u00e7ou bastante. A locomotiva est\u00e1 girando as rodas, mas n\u00e3o sai do lugar. Est\u00e1 patinando&#8230;&#8230; \u00c9 necess\u00e1rio despejar areia nos trilhos para que a composi\u00e7\u00e3o se movimente. Essa areia que est\u00e1 faltando e que dever\u00e1 em breve ser utilizada, tamb\u00e9m n\u00e3o se sabe com clareza aonde se encontra.<\/p>\n<p>Alguns desses gr\u00e3os de areia, eu e talvez &#8211; como tantos outros &#8211; os encontrei, certamente. Pela pr\u00e1tica de mais de 25 anos de experi\u00eancias, utilizando tecnologia tupiniquim por mim criada, pela persist\u00eancia transmitida pelo sangue h\u00fangaro que me corre nas veias, pelos investimentos proibitivos e perdidos feitos e ainda sem recupera\u00e7\u00e3o, e muito, mas muito desgaste emocional, s\u00e3o fatos que me tem levado rumo \u00e0 descren\u00e7a e ao desespero, mas afortunadamente me permitiram que essa areiazinha fosse encontrada. <\/p>\n<p>Os gr\u00e3os de areia aos quais me refiro, s\u00e3o os gr\u00e3os da aud\u00e1cia por acreditar na Natureza. Natureza essa, quando n\u00e3o danificada pela voracidade canibal, ego\u00edsta, burra e mercen\u00e1ria do homem, desabrocha e se recupera, mostrando o quanto \u00e9 poss\u00edvel acontecer de bom, nessa parceria homem com o Deus-Criador-de-tudo.<\/p>\n<p>Os capitalistas s\u00f3 enxergam cifr\u00f5es e nada mais. N\u00e3o sabem que, com as mudan\u00e7as do clima, inexoravelmente, perder\u00e3o tudo que imaginaram ter amontoado. Esses povos pag\u00e3os, guerreiros &#8211; que fazem guerras inconseq\u00fcentes s\u00f3 para movimentar as economias pr\u00f3prias e a de seus aliados mercen\u00e1rios capitalistas selvagens, n\u00e3o t\u00eam a m\u00ednima capacidade de vislumbrar &#8211; nada mais que diamantes e ouro, acumulado para um n\u00famero cada vez menor de bestas infernais.<\/p>\n<p>Os gr\u00e3os de areia aos quais me reporto s\u00e3o aqueles que foram lan\u00e7ados em montanhas carecas, criadas pela agricultura desnecess\u00e1ria dos venenos, frutos da burrice e pelo fogo. Essas carecas lisas e escorregadias montanhas, tal qual os trilhos do trem, quando deixadas em paz, quando bem tratadas e protegidas da insanidade de poucos, se restabelecem, permitindo que vegetais pioneiros se reinstalem, preparando o ecossistema depauperado, em um ambiente prop\u00edcio para os vegetais mais sens\u00edveis \u00e0 inclem\u00eancia do sol-\u00e0-pino, dos ventos secos, da falta de absor\u00e7\u00e3o das gotas das chuvas, que caem e se v\u00e3o, se reinstalem.<\/p>\n<p>Esse trabalho de amor, de namoro com a natureza, s\u00f3 pode ser feito desta forma. Esse casamento entre humanos solid\u00e1rios, transformou a calvice, em morros &#8211; hoje cobertos com matas nativas, cheias de umidade, vida, insetos, sementes, frutas, p\u00e1ssaros e animais silvestres. O mais importante de todo o enredo amoroso com a Natureza, resultou no ressurgimento da \u00e1gua doce.<\/p>\n<p>Essa reconstru\u00e7\u00e3o exitosa de 23 anos de dura\u00e7\u00e3o, vivenciada pacientemente atrav\u00e9s da eterna vigil\u00e2ncia, afastou sempre os seres do mal: ca\u00e7adores, saqueadores, incendi\u00e1rios, ladr\u00f5es de palmeiras, poluidores e outros seres cheios de rancores, \u00f3dios e maldades e assim, a vit\u00f3ria do bem sobre o mal, aconteceu.<\/p>\n<p>O Criador confirmou que se formaram as primeiras &#8220;commodities ambientais&#8221;. Disse ainda que a \u00e1gua doce que voltou a purgar nas fontes e serpentear nos c\u00f3rregos, foi novamente colocada \u00e0 disposi\u00e7\u00e3o do ser humano do bem.<\/p>\n<p>Disse tamb\u00e9m, que o milagre da natureza quando da alian\u00e7a com \u00e0 m\u00e3o amiga do ser humano, restabeleceu tamb\u00e9m o equil\u00edbrio com a atmosfera. O di\u00f3xido de carbono liberado nos escapamentos automotivos dos seres do mal, fora seq\u00fcestrado pelos vegetais \u0096 via fotoss\u00edntese, seq\u00fcestrando-o transformou tudo em folhas, ra\u00edzes, galhos e troncos.<br \/>\nDiante desse milagre oferecido pelo CRIADOR, permite-se que milhares de pequenos agricultores propriet\u00e1rios de fragmentos da Mata Atl\u00e2ntica no Sul do Brasil possam realizar muito em beneficio do equil\u00edbrio da atmosfera.<\/p>\n<p>Certamente o CRIADOR &#8211; de dedo em riste, aponta para os governadores que n\u00e3o desconhecem o protocolo de KIOTO, bem como os compromissos que o Brasil assumiu em The Hague em novembro de 2000 e mais recentemente em Johanesburg na \u00c1frica. Esses mesmos governadores sabem muito bem o que \u00e9 um MDL, mecanismo de desenvolvimento limpo. Sendo assim, poder\u00e3o fazer uso de um novo contingente de profissionais e cient\u00edficos que recomendar\u00e3o programas de gera\u00e7\u00e3o de produtos ecologicamente corretos, entre eles os programas de reflorestamento de margens de rios, de \u00e1reas de preserva\u00e7\u00e3o permanente, de bacias de capta\u00e7\u00e3o de \u00e1gua, entre tantos outros. Oferecer\u00e3o recompensas justas para os que tratam bem da Natureza, catalogando esse universo de propriet\u00e1rios rurais, que nos \u00faltimos 30 anos, foram penalizados e lan\u00e7ados \u00e0 marginalidade, por terem preservado e plantado florestas nativas. Transformaram &#8211; cada minif\u00fandio coberto com Mata Atl\u00e2ntica, em Produto Ambiental, certamente recomendar\u00e3o esses governantes, troc\u00e1-los por cr\u00e9ditos de carbono, num elegante enlace com as eco-ONGs, entidades certificadoras dos im\u00f3veis preservados.<\/p>\n<p>Com a aprova\u00e7\u00e3o do ICMS verde ou ecol\u00f3gico, estar\u00e1 criado o fundo que poder\u00e1 financiar e garantir a perman\u00eancia dessas matas seq\u00fcestradoras de CO\u00b2 e produtoras de \u00e1gua doce. Essa propositura ser\u00e1 reconhecida por muitos. Chegou a hora da verdade. Acabou o discurso acad\u00eamico vazio e enganador e sem conte\u00fado pr\u00e1tico. Acabou, por que a atmosfera n\u00e3o espera e vai continuar esquentando. Nenhum dos pomposos t\u00edtulos universit\u00e1rios do modernismo terceiro-mundista, vai conseguir parar com os ventos de mais de 160 km. por hora, ou reduzir as precipita\u00e7\u00f5es de centenas de cent\u00edmetros, trombando cidades em quest\u00f5es de minutos.<\/p>\n<p>N\u00e3o haver\u00e1 companhia de seguros &#8211; nacional ou internacional &#8211; que aceite pagar pr\u00eamios pelo patrim\u00f4nio vitimado pelas mudan\u00e7as do clima. <\/p>\n<p>Quem viver ver\u00e1.<br \/>\n<b> Eng. Agr. Gert Roland Fischer &#8211;<\/b> diretor de Pesquisa Agropecu\u00e1ria da FAPESC <i>(gfischer.joi@terra.com.br)<\/i><\/p>\n","protected":false},"excerpt":{"rendered":"<p>Vejo, pela discuss\u00e3o do tema, que j\u00e1 se avan\u00e7ou bastante. A locomotiva est\u00e1 girando as rodas, mas n\u00e3o sai do lugar. Est\u00e1 patinando&#8230;&#8230; \u00c9 necess\u00e1rio despejar areia nos trilhos para que a composi\u00e7\u00e3o se movimente. Essa areia que est\u00e1 faltando e que dever\u00e1 em breve ser utilizada, tamb\u00e9m n\u00e3o se sabe com clareza aonde se [&hellip;]<\/p>\n","protected":false},"author":1,"featured_media":0,"comment_status":"open","ping_status":"open","sticky":false,"template":"","format":"standard","meta":{"footnotes":""},"categories":[3],"tags":[],"class_list":["post-10095","post","type-post","status-publish","format-standard","hentry","category-opiniao"],"acf":[],"_links":{"self":[{"href":"https:\/\/www.crea-mt.org.br\/portal\/wp-json\/wp\/v2\/posts\/10095","targetHints":{"allow":["GET"]}}],"collection":[{"href":"https:\/\/www.crea-mt.org.br\/portal\/wp-json\/wp\/v2\/posts"}],"about":[{"href":"https:\/\/www.crea-mt.org.br\/portal\/wp-json\/wp\/v2\/types\/post"}],"author":[{"embeddable":true,"href":"https:\/\/www.crea-mt.org.br\/portal\/wp-json\/wp\/v2\/users\/1"}],"replies":[{"embeddable":true,"href":"https:\/\/www.crea-mt.org.br\/portal\/wp-json\/wp\/v2\/comments?post=10095"}],"version-history":[{"count":0,"href":"https:\/\/www.crea-mt.org.br\/portal\/wp-json\/wp\/v2\/posts\/10095\/revisions"}],"wp:attachment":[{"href":"https:\/\/www.crea-mt.org.br\/portal\/wp-json\/wp\/v2\/media?parent=10095"}],"wp:term":[{"taxonomy":"category","embeddable":true,"href":"https:\/\/www.crea-mt.org.br\/portal\/wp-json\/wp\/v2\/categories?post=10095"},{"taxonomy":"post_tag","embeddable":true,"href":"https:\/\/www.crea-mt.org.br\/portal\/wp-json\/wp\/v2\/tags?post=10095"}],"curies":[{"name":"wp","href":"https:\/\/api.w.org\/{rel}","templated":true}]}}