{"id":10092,"date":"2012-08-21T15:12:57","date_gmt":"2012-08-21T18:12:57","guid":{"rendered":"https:\/\/www.crea-mt.org.br\/portal\/os-residuos-solidos-e-o-meio-ambiente-3\/"},"modified":"2012-08-21T15:12:57","modified_gmt":"2012-08-21T18:12:57","slug":"os-residuos-solidos-e-o-meio-ambiente-3","status":"publish","type":"post","link":"https:\/\/www.crea-mt.org.br\/portal\/os-residuos-solidos-e-o-meio-ambiente-3\/","title":{"rendered":"Os res\u00edduos s\u00f3lidos e o meio ambiente"},"content":{"rendered":"<p>O ramo da constru\u00e7\u00e3o civil tem sido um dos grandes respons\u00e1veis pela gera\u00e7\u00e3o de emprego e renda no Distrito Federal. Isso \u00e9 reflexo do crescimento do setor nos \u00faltimos anos. De acordo com dados recentes do Instituto Brasileiro de Geografia e Estat\u00edstica (IBGE), em 2004 existiam 478 empresas atuando no ramo no DF &#8211; respondendo por quase 30 mil empregados. S\u00f3 naquele ano movimentou R$ 2,4 bilh\u00f5es. De l\u00e1 pra c\u00e1, o setor ganhou muitos incentivos, tanto do governo federal quanto do local.<\/p>\n<p>Em 2006, por exemplo, mais de dez itens do setor da constru\u00e7\u00e3o civil sofreram redu\u00e7\u00e3o no Imposto sobre Produtos Industrializados (IPI), dando seguimento \u00e0 desonera\u00e7\u00e3o tribut\u00e1ria iniciada em fevereiro. Al\u00e9m disso, institui\u00e7\u00f5es banc\u00e1rias como a Caixa Econ\u00f4mica Federal e o Banco do Brasil liberaram milh\u00f5es para financiar constru\u00e7\u00e3o e reforma da casa pr\u00f3pria. <\/p>\n<p>Este ano, at\u00e9 agora, a Caixa investiu mais de R$ 165 milh\u00f5es no segmento, beneficiando quase 6 mil fam\u00edlias no Distrito Federal. O Banco do Brasil recentemente estendeu o prazo de financiamento para a linha BB Material de Constru\u00e7\u00e3o com taxas de juros mais baixas: 1,9 % ao m\u00eas no prazo de 24 meses. Tudo isso tem contribu\u00eddo para a expans\u00e3o do setor. Entretanto, junto com esse crescimento, uma preocupa\u00e7\u00e3o vem se intensificando: o que fazer com o entulho da constru\u00e7\u00e3o civil? Diariamente as toneladas de res\u00edduos &#8211; formados por argamassa, areia, cer\u00e2micas, concretos, madeira, metais, pap\u00e9is, pl\u00e1sticos, pedras, tijolos, tintas -, tornaram-se um s\u00e9rio problema nos grandes centros brasileiros. E no DF n\u00e3o \u00e9 diferente.<\/p>\n<p>Em maio deste ano, a governadora Maria de Lourdes Abadia firmou uma parceria com o governo espanhol para a elabora\u00e7\u00e3o de um Plano Diretor de Res\u00edduos S\u00f3lidos (PDRS) da constru\u00e7\u00e3o. Ser\u00e3o investidos cerca de 290 mil euros dos cofres espanh\u00f3is para a realiza\u00e7\u00e3o dos estudos. Esses res\u00edduos s\u00f3lidos podem ser utilizados, por exemplo, como sub-base na pavimenta\u00e7\u00e3o de pistas, rodovias. Previsto desde 2003, quando foi aprovado na Lei Distrital 3234\/2003, o plano era uma anseio do setor. <\/p>\n<p>A crise ambiental que atinge o planeta, estampada nas capas das revistas, nos mostra a import\u00e2ncia da colabora\u00e7\u00e3o de cada ser humano quanto \u00e0 quest\u00e3o \u00e9 preservar o meio ambiente. \u00c9 preciso esfor\u00e7o conjunto para que possamos quem sabe amenizar os efeitos da devasta\u00e7\u00e3o de florestas e da emiss\u00e3o de poluentes no ar. E nada melhor do que aprender a reciclar. Dados indicam que o lixo resultante da constru\u00e7\u00e3o, manuten\u00e7\u00e3o e demoli\u00e7\u00e3o de casas e edif\u00edcios pode representar 40% a 60% dos res\u00edduos s\u00f3lidos urbanos.<\/p>\n<p>A capital federal, idealizada por JK, deveria abrigar apenas 500 mil habitantes. Hoje, 46 anos depois de erguida, calcula-se que tenha mais de 2,7 milh\u00f5es. O que significa que a produ\u00e7\u00e3o de lixo tamb\u00e9m aumentou quatro vezes mais al\u00e9m do que o estimado inicialmente. Quem percorre as cidades-sat\u00e9lites do DF sabe que em alguns lugares, como a Vila Estrutural, os moradores parecem habitar dentro de um pr\u00f3prio lix\u00e3o. Estou convicto que ser\u00e1 nesses locais o maior impacto da implementa\u00e7\u00e3o da pol\u00edtica de gest\u00e3o t\u00e9cnico-econ\u00f4mica quanto aos res\u00edduos s\u00f3lidos. <\/p>\n<p>A legisla\u00e7\u00e3o local prev\u00ea a cria\u00e7\u00e3o de unidades de presta\u00e7\u00e3o de servi\u00e7os e de comercializa\u00e7\u00e3o, distribui\u00e7\u00e3o e armazenagem em cada Regi\u00e3o Administrativa, utilizando-se prioritariamente, m\u00e3o-de-obra local &#8211; leia-se: catadores. Dessa forma, geram-se empregos e o governo dever\u00e1 investir paralelamente na infra-estrutura dos locais de atua\u00e7\u00e3o. Vejo que o PDRS, almejado pelo GDF, a ser elaborado com a ajuda espanhola, ser\u00e1 at\u00e9 mais abrangente que o previsto na atual lei \u00e0 medida que vai orientar o desenvolvimento de uma pol\u00edtica para a limpeza p\u00fablica do DF. <\/p>\n<p>A previs\u00e3o \u00e9 que o plano esteja pronto em seis meses. O setor da constru\u00e7\u00e3o civil aguarda ansioso e tenho certeza que se coloca \u00e0 disposi\u00e7\u00e3o para qualquer ajuda. Afinal, aprender a reciclar significa resgatar a cidadania e o respeito ao meio ambiente. Tenho certeza que o planeta Terra agradecer\u00e1. <\/p>\n<p><b> Ant\u00f4nio Rocha, presidente da Federa\u00e7\u00e3o das Ind\u00fastrias do Distrito Federal. Artigo veiculado no &#8220;Jornal de Bras\u00edlia&#8221;<\/b><\/p>\n<p><b>Sinduscon-MT<\/b><\/p>\n","protected":false},"excerpt":{"rendered":"<p>O ramo da constru\u00e7\u00e3o civil tem sido um dos grandes respons\u00e1veis pela gera\u00e7\u00e3o de emprego e renda no Distrito Federal. Isso \u00e9 reflexo do crescimento do setor nos \u00faltimos anos. De acordo com dados recentes do Instituto Brasileiro de Geografia e Estat\u00edstica (IBGE), em 2004 existiam 478 empresas atuando no ramo no DF &#8211; respondendo [&hellip;]<\/p>\n","protected":false},"author":1,"featured_media":0,"comment_status":"open","ping_status":"open","sticky":false,"template":"","format":"standard","meta":{"footnotes":""},"categories":[3],"tags":[],"class_list":["post-10092","post","type-post","status-publish","format-standard","hentry","category-opiniao"],"acf":[],"_links":{"self":[{"href":"https:\/\/www.crea-mt.org.br\/portal\/wp-json\/wp\/v2\/posts\/10092","targetHints":{"allow":["GET"]}}],"collection":[{"href":"https:\/\/www.crea-mt.org.br\/portal\/wp-json\/wp\/v2\/posts"}],"about":[{"href":"https:\/\/www.crea-mt.org.br\/portal\/wp-json\/wp\/v2\/types\/post"}],"author":[{"embeddable":true,"href":"https:\/\/www.crea-mt.org.br\/portal\/wp-json\/wp\/v2\/users\/1"}],"replies":[{"embeddable":true,"href":"https:\/\/www.crea-mt.org.br\/portal\/wp-json\/wp\/v2\/comments?post=10092"}],"version-history":[{"count":0,"href":"https:\/\/www.crea-mt.org.br\/portal\/wp-json\/wp\/v2\/posts\/10092\/revisions"}],"wp:attachment":[{"href":"https:\/\/www.crea-mt.org.br\/portal\/wp-json\/wp\/v2\/media?parent=10092"}],"wp:term":[{"taxonomy":"category","embeddable":true,"href":"https:\/\/www.crea-mt.org.br\/portal\/wp-json\/wp\/v2\/categories?post=10092"},{"taxonomy":"post_tag","embeddable":true,"href":"https:\/\/www.crea-mt.org.br\/portal\/wp-json\/wp\/v2\/tags?post=10092"}],"curies":[{"name":"wp","href":"https:\/\/api.w.org\/{rel}","templated":true}]}}