{"id":10090,"date":"2012-08-21T15:12:57","date_gmt":"2012-08-21T18:12:57","guid":{"rendered":"https:\/\/www.crea-mt.org.br\/portal\/a-miseria-atlantica-2\/"},"modified":"2012-08-21T15:12:57","modified_gmt":"2012-08-21T18:12:57","slug":"a-miseria-atlantica-2","status":"publish","type":"post","link":"https:\/\/www.crea-mt.org.br\/portal\/a-miseria-atlantica-2\/","title":{"rendered":"A mis\u00e9ria atl\u00e2ntica"},"content":{"rendered":"<p>Sempre me perguntei porque a Mata Atl\u00e2ntica continua a ser destru\u00edda. Quais os motivos e quem s\u00e3o respons\u00e1veis pelo desmatamento? A Mata Atl\u00e2ntica \u00e9 uma das mais ricas e amea\u00e7adas, que abriga grande diversidade biol\u00f3gica em termos de fauna e flora, que possui uma grande rede hidrogr\u00e1fica e que, atualmente, tem menos de 7% de sua cobertura original. Vamos conhecer a situa\u00e7\u00e3o de alguns dos moradores da zona rural onde ainda h\u00e1 pequenas por\u00e7\u00f5es da mata original. <\/p>\n<p>Caminhamos e chegamos a uma resid\u00eancia. Ficamos maravilhados vendo a mata fechada ao redor, os p\u00e9s de emba\u00faba branca, os bandos de sa\u00edras coloridas \u00e0 procura de frutas. O Seu Jo\u00e3o Batista tem 52 anos. Nasceu num pequeno povoado pr\u00f3ximo a cidade do Serro em Minas Gerais e tem quatro filhos. Fico imaginando a rotina de acordar, todos os dias, ouvindo o canto dos p\u00e1ssaros. Pela janela de madeira ele v\u00ea a mata quase intocada ao redor. Levanta-se e lava o rosto na \u00e1gua que jorra abundante na bica. Ele mora numa casa simples, feita de adobe (barro e madeira), n\u00e3o tem luz el\u00e9trica (nem complicados e modernos aparelhos) e nem \u00e1gua tratada ou encanada. <\/p>\n<p>Na verdade, a fam\u00edlia do Seu Jo\u00e3o n\u00e3o tem quase nada, incluindo a comida.  No fundo do quintal h\u00e1 um forno de carv\u00e3o e uma \u00e1rea desmatada que o GPS indicou ser de cerca de um hectare (10 mil metros quadrados). Infelizmente o Seu Jo\u00e3o estava muito doente e n\u00e3o p\u00f4de conversar conosco. Foi um custo acalmar a esposa e explicar que est\u00e1vamos ali em primeiro lugar para ajudar. Ela afirmou que tamb\u00e9m tem doen\u00e7a de chagas e que o marido n\u00e3o podia sofrer contrariedade, pois se ele tivesse um \u0093acesso\u0094 n\u00e3o teria condi\u00e7\u00f5es de lev\u00e1-lo a algum hospital. <\/p>\n<p>O filho mais velho do casal estava trabalhando fora e quando retornou fomos dar uma volta e conversar. Tentei lhe explicar que vivia em um dos lugares mais belos do mundo, que deveria arranjar outra atividade, que derrubar a floresta sem autoriza\u00e7\u00e3o d\u00e1 multa, que armazenar e transportar carv\u00e3o sem autoriza\u00e7\u00e3o tamb\u00e9m \u00e9 crime, que de tanto desmate, s\u00f3 restava menos de 7% de toda essa mata. Desisti de continuar nessa linha ao verificar que ele n\u00e3o estava entendendo nada. Ele n\u00e3o sabia o que significava o termo 7%. Disse-me que o carv\u00e3o \u00e9 a \u00fanica forma de se ganhar dinheiro. Outra op\u00e7\u00e3o seria fazer trabalho bra\u00e7al em alguma fazenda e ganhar R$ 15 por dia. S\u00f3 que a coisa tava dif\u00edcil e nem isso eles estavam conseguindo. <\/p>\n<p>O forno estava cheio de lenha e ao lado j\u00e1 havia cerca de cinco metros de mais puro carv\u00e3o vegetal atl\u00e2ntico.  De vez em quando um caminh\u00e3o aparece e leva tudo embora, n\u00e3o sabendo para onde. Com esse dinheiro \u00e9 que sustenta os pais e os irm\u00e3os. Sugeri que eles podiam criar galinhas e codornas, fazer uma horta, plantar frutas, cultivar cogumelos ou qualquer outra atividade que n\u00e3o fosse desmatar e fabricar carv\u00e3o. Eles ouviram com a educa\u00e7\u00e3o, humildade e paci\u00eancia particular do brasileiro da zona rural, por\u00e9m eu sei que o ronco da fome imediata fala mais alto. <\/p>\n<p>Acompanhando a escalada cada vez maior do desmatamento vem o descontentamento e a vontade de parar a destrui\u00e7\u00e3o, de explodir as motoserras, quebrar os fornos de carv\u00e3o e torcer o pesco\u00e7o de quem derruba as \u00e1rvores. Como temos c\u00f3digos de conduta e leis a serem seguidas, como a raz\u00e3o deve prevalecer sobre a emo\u00e7\u00e3o, esses sentimentos ficam quietinhos num canto e n\u00e3o se manifestam. Vi a realidade do Seu Jo\u00e3o. Eu poderia ser filho dele. O sentimento agora \u00e9 outro. <\/p>\n<p>Na cidade do Serro n\u00e3o vi nenhuma ind\u00fastria. Exceto pelo com\u00e9rcio, n\u00e3o pude ver nenhuma fonte de renda. Nessa cidade, um vereador ganha na faixa de R$ 1 mil por m\u00eas para poucos comparecimentos na c\u00e2mara municipal. Cito o exemplo do vereador, pois ele \u00e9 o representante da terra, que est\u00e1 mais pr\u00f3ximo do povo e que conhece a situa\u00e7\u00e3o. Enquanto ele ganha esse valor a cada m\u00eas, centenas de fam\u00edlias atl\u00e2nticas est\u00e3o passando fome. N\u00e3o somente os vereadores, diversos outros representantes estaduais e federais foram eleitos e n\u00e3o est\u00e3o fazendo nada por esses pobres brasileiros abandonados. <\/p>\n<p>Felizmente algu\u00e9m da equipe ficou muito sensibilizado com a situa\u00e7\u00e3o e tiveram a id\u00e9ia de sair cadastrando algumas dessas fam\u00edlias.  Quem sabe n\u00e3o podem ser alcan\u00e7ados por algum programa de gera\u00e7\u00e3o de renda auto-sustent\u00e1vel. A esperan\u00e7a \u00e9 a \u00faltima que morre. Existe ainda a situa\u00e7\u00e3o de um cara que est\u00e1 morando nos Estados Unidos e comprou terras para investir, do fazendeiro que tem uma grande quantidade de terra e est\u00e1 desmatando para fazer pasto ou plantar eucalipto. Diversos aspectos de uma grande destrui\u00e7\u00e3o. Oro e pe\u00e7o ao Deus Santo que aben\u00e7oe e proteja a fam\u00edlia do Seu Jo\u00e3o. <\/p>\n<p>Enquanto as fam\u00edlias atl\u00e2nticas estiverem abandonadas todas as formas de prote\u00e7\u00e3o ser\u00e3o in\u00fateis.<\/p>\n<p><b>*H\u00e9lio de Souza J\u00fanior<\/b> (hswapo@gmail.com) \u00e9 ambientalista e sonha com um mundo melhor para as futuras gera\u00e7\u00f5es. <\/p>\n","protected":false},"excerpt":{"rendered":"<p>Sempre me perguntei porque a Mata Atl\u00e2ntica continua a ser destru\u00edda. Quais os motivos e quem s\u00e3o respons\u00e1veis pelo desmatamento? A Mata Atl\u00e2ntica \u00e9 uma das mais ricas e amea\u00e7adas, que abriga grande diversidade biol\u00f3gica em termos de fauna e flora, que possui uma grande rede hidrogr\u00e1fica e que, atualmente, tem menos de 7% de [&hellip;]<\/p>\n","protected":false},"author":1,"featured_media":0,"comment_status":"open","ping_status":"open","sticky":false,"template":"","format":"standard","meta":{"footnotes":""},"categories":[3],"tags":[],"class_list":["post-10090","post","type-post","status-publish","format-standard","hentry","category-opiniao"],"acf":[],"_links":{"self":[{"href":"https:\/\/www.crea-mt.org.br\/portal\/wp-json\/wp\/v2\/posts\/10090","targetHints":{"allow":["GET"]}}],"collection":[{"href":"https:\/\/www.crea-mt.org.br\/portal\/wp-json\/wp\/v2\/posts"}],"about":[{"href":"https:\/\/www.crea-mt.org.br\/portal\/wp-json\/wp\/v2\/types\/post"}],"author":[{"embeddable":true,"href":"https:\/\/www.crea-mt.org.br\/portal\/wp-json\/wp\/v2\/users\/1"}],"replies":[{"embeddable":true,"href":"https:\/\/www.crea-mt.org.br\/portal\/wp-json\/wp\/v2\/comments?post=10090"}],"version-history":[{"count":0,"href":"https:\/\/www.crea-mt.org.br\/portal\/wp-json\/wp\/v2\/posts\/10090\/revisions"}],"wp:attachment":[{"href":"https:\/\/www.crea-mt.org.br\/portal\/wp-json\/wp\/v2\/media?parent=10090"}],"wp:term":[{"taxonomy":"category","embeddable":true,"href":"https:\/\/www.crea-mt.org.br\/portal\/wp-json\/wp\/v2\/categories?post=10090"},{"taxonomy":"post_tag","embeddable":true,"href":"https:\/\/www.crea-mt.org.br\/portal\/wp-json\/wp\/v2\/tags?post=10090"}],"curies":[{"name":"wp","href":"https:\/\/api.w.org\/{rel}","templated":true}]}}