{"id":10089,"date":"2012-08-21T15:12:57","date_gmt":"2012-08-21T18:12:57","guid":{"rendered":"https:\/\/www.crea-mt.org.br\/portal\/anave-feedback-positivo-2\/"},"modified":"2012-08-21T15:12:57","modified_gmt":"2012-08-21T18:12:57","slug":"anave-feedback-positivo-2","status":"publish","type":"post","link":"https:\/\/www.crea-mt.org.br\/portal\/anave-feedback-positivo-2\/","title":{"rendered":"Anave: feedback positivo"},"content":{"rendered":"<p>Nos dias 31 de agosto e 1\u00ba de setembro, os executivos e profissionais do setor ter\u00e3o a oportunidade de compreender as principais quest\u00f5es e desafios que permeiam o atual cen\u00e1rio pol\u00edtico e econ\u00f4mico, e como esses fatores podem influenciar nossa ind\u00fastria a curto, m\u00e9dio e longo prazo. Poder\u00e3o n\u00e3o s\u00f3 discutir, mas tra\u00e7ar propostas sobre um tema fundamental num ano em que os rumos do pa\u00eds podem ser mudados por meio da alternativa do voto.<\/p>\n<p>Estamos oferecendo esta oportunidade no F\u00f3rum ANAVE 2006, que reunir\u00e1 os mais bem conceituados formadores de opini\u00e3o do pa\u00eds ao lado dos principais CEOs de nossa ind\u00fastria no Hotel Renaissance, em S\u00e3o Paulo. Stephen Kanitz, mestre em Administra\u00e7\u00e3o de empresas pela Universidade de Harvard, Paulo Nogueira Jr., professor e pesquisador da FGV, Roberto Mangabeira Unger, professor da Universidade de Harvard e colunista da Folha de S. Paulo, e Kurt Schaefer, diretor da \u00e1rea de fibra da RISI, empresa provedora de informa\u00e7\u00f5es na \u00e1rea de celulose, papel e produtos florestais, formam o time de palestrantes de renome, com presen\u00e7a j\u00e1 confirmada no evento.<\/p>\n<p>A reformula\u00e7\u00e3o do F\u00f3rum ANAVE em 2006, que est\u00e1 em sua 31\u00aa edi\u00e7\u00e3o, faz parte dos planos de reestrutura\u00e7\u00e3o da entidade, anunciados em mar\u00e7o. Come\u00e7amos com um novo projeto gr\u00e1fico e editorial de nossos ve\u00edculos informativos: a Revista e essa Newsletter. Desta forma, pudemos impulsionar nosso canal de comunica\u00e7\u00e3o com o setor, obtendo mais feedbacks e levando aos profissionais informa\u00e7\u00f5es atualizadas e precisas sobre o mercado.<\/p>\n<p>Foi somente ap\u00f3s essa a\u00e7\u00e3o que focamos no planejamento em si do F\u00f3rum, promovendo uma verdadeira \u0093revolu\u00e7\u00e3o\u0094 no evento. Da Fiesp, ele foi transferido para um dos hot\u00e9is mais requintados e de melhor infra-estrutura de S\u00e3o Paulo. Idealizamos a realiza\u00e7\u00e3o de pain\u00e9is t\u00e9cnicos para os que querem debater, al\u00e9m dos desafios pol\u00edticos e econ\u00f4micos nacionais, quest\u00f5es espec\u00edficas do setor, como o mercado de insumos qu\u00edmicos. Proporcionamos um amplo espa\u00e7o para os estandes de empresas interessadas em apresentar seus produtos no evento. Enfim, demos um giro de 360 graus no F\u00f3rum.<\/p>\n<p>E todas essas mudan\u00e7as, desde o in\u00edcio, t\u00eam um \u00fanico objetivo: fortalecer o setor e seus profissionais. Com satisfa\u00e7\u00e3o, j\u00e1 sentimos a rea\u00e7\u00e3o positiva de nossos colegas. As inscri\u00e7\u00f5es para a participa\u00e7\u00e3o no evento est\u00e3o quase esgotadas. Sinal de que as reformula\u00e7\u00f5es empreendidas foram necess\u00e1rias. Que o F\u00f3rum ANAVE possa apontar caminhos de crescimento para a nossa ind\u00fastria e consolidar-se como o ponto-de-encontro fundamental do setor. Participe! Esperamos por voc\u00ea no evento.<\/p>\n<p><b>Helder Kanamaru &#8211; <\/b>vice-presidente da Associa\u00e7\u00e3o Nacional dos Profissionais de Venda em Celulose, Papel e Derivados &#8211; Anave <\/p>\n","protected":false},"excerpt":{"rendered":"<p>Nos dias 31 de agosto e 1\u00ba de setembro, os executivos e profissionais do setor ter\u00e3o a oportunidade de compreender as principais quest\u00f5es e desafios que permeiam o atual cen\u00e1rio pol\u00edtico e econ\u00f4mico, e como esses fatores podem influenciar nossa ind\u00fastria a curto, m\u00e9dio e longo prazo. Poder\u00e3o n\u00e3o s\u00f3 discutir, mas tra\u00e7ar propostas sobre [&hellip;]<\/p>\n","protected":false},"author":1,"featured_media":0,"comment_status":"open","ping_status":"open","sticky":false,"template":"","format":"standard","meta":{"footnotes":""},"categories":[3],"tags":[],"class_list":["post-10089","post","type-post","status-publish","format-standard","hentry","category-opiniao"],"acf":[],"_links":{"self":[{"href":"https:\/\/www.crea-mt.org.br\/portal\/wp-json\/wp\/v2\/posts\/10089","targetHints":{"allow":["GET"]}}],"collection":[{"href":"https:\/\/www.crea-mt.org.br\/portal\/wp-json\/wp\/v2\/posts"}],"about":[{"href":"https:\/\/www.crea-mt.org.br\/portal\/wp-json\/wp\/v2\/types\/post"}],"author":[{"embeddable":true,"href":"https:\/\/www.crea-mt.org.br\/portal\/wp-json\/wp\/v2\/users\/1"}],"replies":[{"embeddable":true,"href":"https:\/\/www.crea-mt.org.br\/portal\/wp-json\/wp\/v2\/comments?post=10089"}],"version-history":[{"count":0,"href":"https:\/\/www.crea-mt.org.br\/portal\/wp-json\/wp\/v2\/posts\/10089\/revisions"}],"wp:attachment":[{"href":"https:\/\/www.crea-mt.org.br\/portal\/wp-json\/wp\/v2\/media?parent=10089"}],"wp:term":[{"taxonomy":"category","embeddable":true,"href":"https:\/\/www.crea-mt.org.br\/portal\/wp-json\/wp\/v2\/categories?post=10089"},{"taxonomy":"post_tag","embeddable":true,"href":"https:\/\/www.crea-mt.org.br\/portal\/wp-json\/wp\/v2\/tags?post=10089"}],"curies":[{"name":"wp","href":"https:\/\/api.w.org\/{rel}","templated":true}]}}