{"id":10081,"date":"2012-08-21T15:12:57","date_gmt":"2012-08-21T18:12:57","guid":{"rendered":"https:\/\/www.crea-mt.org.br\/portal\/a-necessidade-de-politicas-setoriais-3\/"},"modified":"2012-08-21T15:12:57","modified_gmt":"2012-08-21T18:12:57","slug":"a-necessidade-de-politicas-setoriais-3","status":"publish","type":"post","link":"https:\/\/www.crea-mt.org.br\/portal\/a-necessidade-de-politicas-setoriais-3\/","title":{"rendered":"<B>A NECESSIDADE DE POL\u00cdTICAS SETORIAIS<\/B>"},"content":{"rendered":"<p>Com a rea\u00e7\u00e3o econ\u00f4mica da administra\u00e7\u00e3o Bush aos atentados terroristas de 11 de setembro, desmoralizou-se o paleoliberalismo. Volta a ser necess\u00e1rio lembrar os distintos pap\u00e9is desempenhados pelas pol\u00edticas gerais e setoriais de desenvolvimento.<\/p>\n<p>\u00c9 evidente que o Brasil precisa de uma pol\u00edtica geral de exporta\u00e7\u00f5es e de substitui\u00e7\u00f5es de exporta\u00e7\u00f5es. Tamb\u00e9m \u00e9 claro que o c\u00e2mbio deve ser mantido alto e o real desvalorizado por muitos anos. N\u00e3o h\u00e1 outra forma de produzir saldos comerciais e reduzir a vulnerabilidade externa. Tamb\u00e9m j\u00e1 passou da hora de estimular as grandes empresas, particularmente as estrangeiras, a manterem balan\u00e7as de pagamento superavit\u00e1rias em investimentos diretos, transa\u00e7\u00f5es comerciais e remessas de lucro.<\/p>\n<p>Mas pol\u00edticas gerais n\u00e3o bastam. O Brasil precisa de pol\u00edticas setoriais de desenvolvimento. Isso assenta-se sobre pol\u00edticas de expans\u00e3o do mercado interno e de crescimento setorial. Conv\u00e9m lembrar que o setor automobil\u00edstico gozou em anos recentes de forte prote\u00e7\u00e3o tarif\u00e1ria e poderosos incentivos fiscais para sua expans\u00e3o. A Embraer resultou de 40 anos de pol\u00edticas p\u00fablicas e ainda depende de apoio para exportar. A pr\u00f3pria agricultura brasileira tem pol\u00edticas tecnol\u00f3gicas e comerciais desde a Rep\u00fablica Velha.<\/p>\n<p>\u00c9 no \u00e2mbito setorial que se inserem os problemas reais dos brasileiros. Sa\u00fade, saneamento, alimenta\u00e7\u00e3o, habita\u00e7\u00e3o, seguran\u00e7a, transporte e energia t\u00eam mercados, institui\u00e7\u00f5es e pol\u00edticas pr\u00f3prios. \u00c9 a\u00ed que se pode estimular a expans\u00e3o dos neg\u00f3cios interna e externamente. E \u00e9 no setor que se encontram as oportunidades de melhorar o acesso da popula\u00e7\u00e3o a bens essenciais.<\/p>\n<p>\u00c9 com foco setorial que se deve concentrar o apoio ao desenvolvimento e combin\u00e1-lo com a crescente participa\u00e7\u00e3o dos pobres na renda e no consumo. Tome-se a produ\u00e7\u00e3o de rem\u00e9dios gen\u00e9ricos. \u00c9 uma maneira de viabilizar a produ\u00e7\u00e3o no Brasil, gerando impostos, empregos e neg\u00f3cios, e tamb\u00e9m de reduzir importa\u00e7\u00f5es e atender \u00e0s necessidades b\u00e1sicas da popula\u00e7\u00e3o brasileira.<\/p>\n<p>Veja-se o setor el\u00e9trico. Falhou a pol\u00edtica setorial do Governo. Ao inv\u00e9s de uma pol\u00edtica geral de privatiza\u00e7\u00e3o, o Governo deveria ter incentivado o investimento privado no aumento da capacidade existente. Deveria tamb\u00e9m estimular o aproveitamento do vento e do baga\u00e7o de cana, fatores hoje desperdi\u00e7ados, ao inv\u00e9s de ir buscar g\u00e1s no exterior.<\/p>\n<p>O g\u00e1s aumenta a depend\u00eancia externa e vincula os pre\u00e7os internos ao c\u00e2mbio sem gerar receitas em d\u00f3lares para compensar os custos crescentes de importa\u00e7\u00e3o. Ao privilegiar empresas estrangeiras, a privatiza\u00e7\u00e3o gerou um fluxo permanente, antes inexistente, de remessa de divisas. S\u00e3o aprendizes de feiticeiro brincando de integra\u00e7\u00e3o internacional em dec\u00fabito dorsal.<\/p>\n<p>O Governo precisa ter pol\u00edticas de desenvolvimento setoriais, conjugando expans\u00e3o do mercado interno, maior acesso aos pobres e exporta\u00e7\u00e3o. \u00c9 por isso que o SEESP vai estimular o debate das pol\u00edticas setoriais. Nos pr\u00f3ximos meses, o nosso sindicato se dedicar\u00e1 a formular uma nova agenda de a\u00e7\u00e3o p\u00fablica em setores nos quais a engenharia e a tecnologia brasileiras t\u00eam uma importante contribui\u00e7\u00e3o a dar ao desenvolvimento e \u00e0 supera\u00e7\u00e3o da mis\u00e9ria. <\/p>\n<p><B>Eng. Paulo Tromboni Nascimento<br \/>\nVice-presidente do SEESP<\/B><\/p>\n","protected":false},"excerpt":{"rendered":"<p>Com a rea\u00e7\u00e3o econ\u00f4mica da administra\u00e7\u00e3o Bush aos atentados terroristas de 11 de setembro, desmoralizou-se o paleoliberalismo. Volta a ser necess\u00e1rio lembrar os distintos pap\u00e9is desempenhados pelas pol\u00edticas gerais e setoriais de desenvolvimento. \u00c9 evidente que o Brasil precisa de uma pol\u00edtica geral de exporta\u00e7\u00f5es e de substitui\u00e7\u00f5es de exporta\u00e7\u00f5es. Tamb\u00e9m \u00e9 claro que o [&hellip;]<\/p>\n","protected":false},"author":1,"featured_media":0,"comment_status":"open","ping_status":"open","sticky":false,"template":"","format":"standard","meta":{"footnotes":""},"categories":[3],"tags":[],"class_list":["post-10081","post","type-post","status-publish","format-standard","hentry","category-opiniao"],"acf":[],"_links":{"self":[{"href":"https:\/\/www.crea-mt.org.br\/portal\/wp-json\/wp\/v2\/posts\/10081","targetHints":{"allow":["GET"]}}],"collection":[{"href":"https:\/\/www.crea-mt.org.br\/portal\/wp-json\/wp\/v2\/posts"}],"about":[{"href":"https:\/\/www.crea-mt.org.br\/portal\/wp-json\/wp\/v2\/types\/post"}],"author":[{"embeddable":true,"href":"https:\/\/www.crea-mt.org.br\/portal\/wp-json\/wp\/v2\/users\/1"}],"replies":[{"embeddable":true,"href":"https:\/\/www.crea-mt.org.br\/portal\/wp-json\/wp\/v2\/comments?post=10081"}],"version-history":[{"count":0,"href":"https:\/\/www.crea-mt.org.br\/portal\/wp-json\/wp\/v2\/posts\/10081\/revisions"}],"wp:attachment":[{"href":"https:\/\/www.crea-mt.org.br\/portal\/wp-json\/wp\/v2\/media?parent=10081"}],"wp:term":[{"taxonomy":"category","embeddable":true,"href":"https:\/\/www.crea-mt.org.br\/portal\/wp-json\/wp\/v2\/categories?post=10081"},{"taxonomy":"post_tag","embeddable":true,"href":"https:\/\/www.crea-mt.org.br\/portal\/wp-json\/wp\/v2\/tags?post=10081"}],"curies":[{"name":"wp","href":"https:\/\/api.w.org\/{rel}","templated":true}]}}