{"id":10061,"date":"2012-08-21T15:12:57","date_gmt":"2012-08-21T18:12:57","guid":{"rendered":"https:\/\/www.crea-mt.org.br\/portal\/quem-e-o-culpado-6\/"},"modified":"2012-08-21T15:12:57","modified_gmt":"2012-08-21T18:12:57","slug":"quem-e-o-culpado-6","status":"publish","type":"post","link":"https:\/\/www.crea-mt.org.br\/portal\/quem-e-o-culpado-6\/","title":{"rendered":"Quem \u00e9 o culpado?"},"content":{"rendered":"<p><b>(Parte 1 &#8211; Situa\u00e7\u00e3o)<\/b><\/p>\n<p>Domingo ensolarado, a fam\u00edlia Silva resolve aproveitar o belo dia na praia e partem rumo ao litoral. Antes, uma parada no posto de gasolina para abastecimento, calibragem de pneus (inclusive do estepe), verifica\u00e7\u00e3o dos n\u00edveis de \u00e1gua (inclusive do reservat\u00f3rio para limpeza do p\u00e1ra-brisa), \u00f3leo e flu\u00eddo de freio. Luzes e setas em ordem. Documenta\u00e7\u00e3o OK. Seguiram viagem. <\/p>\n<p>O domingo foi fant\u00e1stico! O mar convidativo, o c\u00e9u com poucas nuvens, v\u00e1rios petiscos, sorvetes, refrigerantes, cervejas e caipirinhas! Mas&#8230; \u00e9 hora de retornar. <\/p>\n<p>O Sr.Silva assume a dire\u00e7\u00e3o do ve\u00edculo tendo sua esposa no banco ao lado. No banco de tr\u00e1s est\u00e3o os tr\u00eas filhos do casal que ap\u00f3s a costumeira discuss\u00e3o, acomodam-se democraticamente. Os dois mais velhos nas laterais, usufruindo das famosas janelas e o mais novo espremido entre eles, sem sequer poder encostar-se nos irm\u00e3os que haviam abusado do sol e estavam ardendo. N\u00e3o demorou muito at\u00e9 que os tr\u00eas adormecessem.<\/p>\n<p>A noite se aproximava. H\u00e1 duas horas que o Sr. Silva estava dirigindo, em rodovia com pista \u00fanica. \u00c0 frente do Sr.Silva, seguia uma Van que por sua vez seguia um caminh\u00e3o. O comboio estava a uma velocidade de 70km\/h, quando o caminh\u00e3o apresentou problemas no motor e foi obrigado a entrar no acostamento. Embora o motorista do caminh\u00e3o tenha sinalizado sua inten\u00e7\u00e3o com a seta para direita, n\u00e3o conseguiu estacionar adequadamente e o final da carro\u00e7aria ficou ocupando uma parte da pista. O motorista da Van que vinha logo atr\u00e1s do caminh\u00e3o, ficou indeciso, tentou desviar e passar, por\u00e9m ao avistar um outro ve\u00edculo que vinha em sentido contr\u00e1rio, voltou para a posi\u00e7\u00e3o original, travou as rodas numa longa freada e conseguiu parar a tempo de evitar uma colis\u00e3o com a carro\u00e7aria do caminh\u00e3o. O Sr.Silva por sua vez, assustou-se com o zig-zag da Van, freou, travou as rodas, mas n\u00e3o conseguiu evitar a colis\u00e3o com a traseira da Van e ainda atirou-a para debaixo da carro\u00e7aria do caminh\u00e3o. Resultado: <\/p>\n<p>O motorista da Van, embora estivesse usando o cinto de seguran\u00e7a, sofreu les\u00f5es na face, t\u00f3rax, e bra\u00e7os, devido ao impacto com o p\u00e1ra-brisa que foi atirado para dentro do ve\u00edculo quando este atingiu a carro\u00e7aria do caminh\u00e3o. Por\u00e9m, por n\u00e3o estar com o encosto de cabe\u00e7a posicionado adequadamente, deslocou o pesco\u00e7o devido ao impacto traseiro ocasionado pelo ve\u00edculo da fam\u00edlia Silva.<\/p>\n<p>O Sr. e Sra. Silva, tamb\u00e9m usavam o cinto de seguran\u00e7a e por isso sofreram pequenas les\u00f5es. Os dois filhos mais velhos, por estarem dormindo no banco de tr\u00e1s e sem os cintos de seguran\u00e7a, foram pegos de surpresa, arremessados contra os encostos dos bancos dianteiros e tiveram alguns ossos quebrados. Por sorte n\u00e3o sofreram les\u00f5es na coluna. O filho mais novo, tamb\u00e9m n\u00e3o estava usando o cinto de seguran\u00e7a e foi arremessado para frente, passou entre os dois encostos dos bancos dianteiros e atingiu violentamente o painel do ve\u00edculo com a cabe\u00e7a, sofrendo traumatismo craniano.<\/p>\n<p>Quem \u00e9 o culpado? Reflita sobre esta situa\u00e7\u00e3o. Na pr\u00f3xima edi\u00e7\u00e3o apresentaremos algumas considera\u00e7\u00f5es.<\/p>\n<p><b>Luiz Roberto M. C. Cotti<br \/>\nProjeto Sobreviv\u00eancia no Tr\u00e2nsito<br \/>\ncotti@mc7.com.br<\/b><\/p>\n","protected":false},"excerpt":{"rendered":"<p>(Parte 1 &#8211; Situa\u00e7\u00e3o) Domingo ensolarado, a fam\u00edlia Silva resolve aproveitar o belo dia na praia e partem rumo ao litoral. Antes, uma parada no posto de gasolina para abastecimento, calibragem de pneus (inclusive do estepe), verifica\u00e7\u00e3o dos n\u00edveis de \u00e1gua (inclusive do reservat\u00f3rio para limpeza do p\u00e1ra-brisa), \u00f3leo e flu\u00eddo de freio. Luzes e [&hellip;]<\/p>\n","protected":false},"author":1,"featured_media":0,"comment_status":"open","ping_status":"open","sticky":false,"template":"","format":"standard","meta":{"footnotes":""},"categories":[3],"tags":[],"class_list":["post-10061","post","type-post","status-publish","format-standard","hentry","category-opiniao"],"acf":[],"_links":{"self":[{"href":"https:\/\/www.crea-mt.org.br\/portal\/wp-json\/wp\/v2\/posts\/10061","targetHints":{"allow":["GET"]}}],"collection":[{"href":"https:\/\/www.crea-mt.org.br\/portal\/wp-json\/wp\/v2\/posts"}],"about":[{"href":"https:\/\/www.crea-mt.org.br\/portal\/wp-json\/wp\/v2\/types\/post"}],"author":[{"embeddable":true,"href":"https:\/\/www.crea-mt.org.br\/portal\/wp-json\/wp\/v2\/users\/1"}],"replies":[{"embeddable":true,"href":"https:\/\/www.crea-mt.org.br\/portal\/wp-json\/wp\/v2\/comments?post=10061"}],"version-history":[{"count":0,"href":"https:\/\/www.crea-mt.org.br\/portal\/wp-json\/wp\/v2\/posts\/10061\/revisions"}],"wp:attachment":[{"href":"https:\/\/www.crea-mt.org.br\/portal\/wp-json\/wp\/v2\/media?parent=10061"}],"wp:term":[{"taxonomy":"category","embeddable":true,"href":"https:\/\/www.crea-mt.org.br\/portal\/wp-json\/wp\/v2\/categories?post=10061"},{"taxonomy":"post_tag","embeddable":true,"href":"https:\/\/www.crea-mt.org.br\/portal\/wp-json\/wp\/v2\/tags?post=10061"}],"curies":[{"name":"wp","href":"https:\/\/api.w.org\/{rel}","templated":true}]}}