{"id":10041,"date":"2012-08-21T15:12:57","date_gmt":"2012-08-21T18:12:57","guid":{"rendered":"https:\/\/www.crea-mt.org.br\/portal\/o-sentido-do-olfato-3\/"},"modified":"2012-08-21T15:12:57","modified_gmt":"2012-08-21T18:12:57","slug":"o-sentido-do-olfato-3","status":"publish","type":"post","link":"https:\/\/www.crea-mt.org.br\/portal\/o-sentido-do-olfato-3\/","title":{"rendered":"O Sentido do Olfato"},"content":{"rendered":"<p>Em algumas edi\u00e7\u00f5es anteriores comentamos sobre o processo de comunica\u00e7\u00e3o do corpo humano com o ambiente externo e da import\u00e2ncia dos sentidos enquanto \u0093ferramentas\u0094 que nos permitem conhecer o mundo. Estima-se que o sentido da Vis\u00e3o \u00e9 respons\u00e1vel por 80% das informa\u00e7\u00f5es que recebemos do ambiente externo, o sentido da Audi\u00e7\u00e3o 10%, do Olfato 5%, do Tato 3% e do Paladar 2%.<\/p>\n<p>Embora o Olfato tenha uma participa\u00e7\u00e3o mais t\u00edmida neste processo, tem uma import\u00e2ncia significativa \u00e0 medida que podemos \u0093cheirar\u0094 certos acontecimentos e tomar decis\u00f5es antes que se transformem em situa\u00e7\u00f5es de risco ou mesmo se efetivem como acidentes.<\/p>\n<p>Por exemplo, aquele cheiro de \u0093posto de gasolina\u0094, quando voc\u00ea n\u00e3o est\u00e1 abastecendo, pode indicar vazamento no sistema de inje\u00e7\u00e3o ou na mangueira de respiro do tanque de combust\u00edvel. <\/p>\n<p>Aquele cheiro mais ardido, tipo \u0093pl\u00e1stico queimado\u0094 pode indicar superaquecimento nas fia\u00e7\u00f5es ou at\u00e9 mesmo um princ\u00edpio de inc\u00eandio no ve\u00edculo.<\/p>\n<p>Em certas condi\u00e7\u00f5es de declive, como nas descidas prolongadas de serras, de repente sentimos um cheiro forte tipo \u0093pano queimado\u0094. Pode indicar que algum motorista que vai \u00e0 sua frente est\u00e1 com os freios superaquecidos por excesso de uso ou por problemas outros (geralmente ve\u00edculos de grande porte e carregados) e que, portanto, \u00e9 prudente n\u00e3o ultrapass\u00e1-lo e ficar na frente dele. Quem sabe at\u00e9 voc\u00ea pode estar com problemas de freio ou abusando dele e queimando as \u0093pastilhas\u0094.<\/p>\n<p>Por vezes, numa estrada, sentimos aquele cheiro de \u0093mato queimado\u0094 que indica que logo a frente enfrentaremos uma queimada ou foco de inc\u00eandio na beira da pista. Um alerta para nos preparamos e n\u00e3o sermos pegos de surpresa pela fuma\u00e7a e pelas coisas invis\u00edveis escondidas por ela.<\/p>\n<p>Aquele famoso e desagrad\u00e1vel cheiro que inunda o interior do ve\u00edculo quando ligamos ao ar condicionado ou o ventilador, indica a exist\u00eancia de \u0093mofo\u0094 devido \u00e0 umidade que se condensa dentro do aparelho. Uma maneira de evitar que o \u0093mofo\u0094 prolifere \u00e9 desligar o ar-condicionado e utilizar somente o ventilador por uns 15\/20 minutos antes de chegar ao seu destino.<\/p>\n<p>Lembre-se: Quando ligar seu ve\u00edculo, ligue tamb\u00e9m seus sentidos. Eles permitir\u00e3o que voc\u00ea leia e compreenda melhor o ambiente em que se encontra, possibilitando assim antecipar a\u00e7\u00f5es e evitar acidentes.<\/p>\n<p>*Luiz Roberto M. C. Cotti<br \/>\n11.9357.7310 &#8211; 11.3467.6771<br \/>\nsobrevivencianotransito@hotmail.com<\/p>\n","protected":false},"excerpt":{"rendered":"<p>Em algumas edi\u00e7\u00f5es anteriores comentamos sobre o processo de comunica\u00e7\u00e3o do corpo humano com o ambiente externo e da import\u00e2ncia dos sentidos enquanto \u0093ferramentas\u0094 que nos permitem conhecer o mundo. Estima-se que o sentido da Vis\u00e3o \u00e9 respons\u00e1vel por 80% das informa\u00e7\u00f5es que recebemos do ambiente externo, o sentido da Audi\u00e7\u00e3o 10%, do Olfato 5%, [&hellip;]<\/p>\n","protected":false},"author":1,"featured_media":0,"comment_status":"open","ping_status":"open","sticky":false,"template":"","format":"standard","meta":{"footnotes":""},"categories":[3],"tags":[],"class_list":["post-10041","post","type-post","status-publish","format-standard","hentry","category-opiniao"],"acf":[],"_links":{"self":[{"href":"https:\/\/www.crea-mt.org.br\/portal\/wp-json\/wp\/v2\/posts\/10041","targetHints":{"allow":["GET"]}}],"collection":[{"href":"https:\/\/www.crea-mt.org.br\/portal\/wp-json\/wp\/v2\/posts"}],"about":[{"href":"https:\/\/www.crea-mt.org.br\/portal\/wp-json\/wp\/v2\/types\/post"}],"author":[{"embeddable":true,"href":"https:\/\/www.crea-mt.org.br\/portal\/wp-json\/wp\/v2\/users\/1"}],"replies":[{"embeddable":true,"href":"https:\/\/www.crea-mt.org.br\/portal\/wp-json\/wp\/v2\/comments?post=10041"}],"version-history":[{"count":0,"href":"https:\/\/www.crea-mt.org.br\/portal\/wp-json\/wp\/v2\/posts\/10041\/revisions"}],"wp:attachment":[{"href":"https:\/\/www.crea-mt.org.br\/portal\/wp-json\/wp\/v2\/media?parent=10041"}],"wp:term":[{"taxonomy":"category","embeddable":true,"href":"https:\/\/www.crea-mt.org.br\/portal\/wp-json\/wp\/v2\/categories?post=10041"},{"taxonomy":"post_tag","embeddable":true,"href":"https:\/\/www.crea-mt.org.br\/portal\/wp-json\/wp\/v2\/tags?post=10041"}],"curies":[{"name":"wp","href":"https:\/\/api.w.org\/{rel}","templated":true}]}}